{"id":2472,"date":"2021-05-25T08:26:43","date_gmt":"2021-05-25T06:26:43","guid":{"rendered":"https:\/\/fuer-esslingen.de\/?p=2472"},"modified":"2021-05-25T08:26:44","modified_gmt":"2021-05-25T06:26:44","slug":"ich-halte-es-fuer-unsere-humanitaere-pflicht-als-eines-der-reichsten-laender-der-welt-hier-grosszuegig-hilfe-zu-leisten","status":"publish","type":"post","link":"https:\/\/fuer-esslingen.de\/?p=2472","title":{"rendered":"Ich halte es f\u00fcr unsere humanit\u00e4re Pflicht, als eines der reichsten L\u00e4nder der Welt hier gro\u00dfz\u00fcgig Hilfe zu leisten"},"content":{"rendered":"\n<p><strong>Redebeitrag zur Gemeinderatssitzung Dezember 2020<\/strong><\/p>\n\n\n\n<p><strong>TOP 12 Interfraktioneller Antrag Esslingen als sicherer Hafen f\u00fcr Gefl\u00fcchtete<\/strong><\/p>\n\n\n\n<p class=\"has-white-background-color has-background\"><strong>Mit gro\u00dfer Freude stimme ich dem interfraktionellen Antrag \u201eEsslingen als sicherer Hafen f\u00fcr Gefl\u00fcchtete\u201c zu. Ich war selbst lange Zeit in der Betreuung von Fl\u00fcchtlingen aktiv und habe nur positive Erfahrungen gemacht. Eine\u00a0wirkliche Bereicherung f\u00fcr beide Seiten. Ich halte es f\u00fcr unsere humanit\u00e4re Pflicht als eines der reichsten L\u00e4nder der Welt hier gro\u00dfz\u00fcgig Hilfe zu leisten.<\/strong><\/p>\n\n\n\n<p class=\"has-white-background-color has-background\"><strong>Die Einw\u00e4nde der CDU kann ich nicht nachvollziehen.<\/strong> <strong>Die CDU behauptet: \u201eMit dem Netzwerk \u201esichere H\u00e4fen\u201c verl\u00e4sst man die kommunale Solidarit\u00e4t.\u201c Im Gegenteil das Netzwerk organisiert die kommunale Solidarit\u00e4t und zwar f\u00fcr die Hilfsbed\u00fcrftigen und gegen die Abschottungspolitik. Wir sollten doch die wenigen M\u00f6glichkeiten der kommunalen Selbstverwaltung viel selbstbewusster\u00a0 wahrnehmen, statt sie selbst einzuschr\u00e4nken.<\/strong><\/p>\n\n\n\n<p class=\"has-white-background-color has-background\"><strong>Auch bei der europ\u00e4ischen Solidarit\u00e4t sehen wir besonders die Bundesrepublik gefordert, denn derzeit tragen die \u00e4rmeren L\u00e4nder Italien und Griechenland die Hauptlast bei der Aufnahme der Fl\u00fcchtlinge!<\/strong><\/p>\n\n\n\n<p class=\"has-white-background-color has-background\"><strong>Wir brauchen nat\u00fcrlich beides humanit\u00e4re Hilfe und Bek\u00e4mpfung der Fluchtursachen. F\u00fcr Esslingen hat z.B. vorgeschlagen, dass wir eine St\u00e4dtepartnerschaft mit Kobane in Nordsyrien aufbauen. Hier sind nach der Befreiung vom IS durch kurdische &nbsp;Truppen <u>\u00fcber hunderttausend Fl\u00fcchtlinge in die zerst\u00f6rte Stadt zur\u00fcckgekehrt<\/u>, und bauen diese wieder auf trotz Bedrohung durch Erdogans Truppen. 4 F\u00dcR Mitglieder haben dort gemeinsam mit 176 Helfern unter schwierigsten Bedingungen&nbsp; eine Geburtsklinik aufgebaut \u2013 ein sch\u00f6ner Beitrag zur Bek\u00e4mpfung der Fluchtursachen.<\/strong><\/p>\n\n\n\n<p class=\"has-white-background-color has-background\"><strong>Gleichzeitig sollten wir hier alles daf\u00fcr tun, dass es nicht bei reiner Symbolpolitik bleibt. Dazu k\u00f6nnte sich die CDU Gemeinderatsfraktion in der eigenen Partei gegen die restriktive Fl\u00fcchtlingspolitik stark machen.<\/strong> <strong>Wie gesagt. Wir stimmen dem Antrag gerne zu.<\/strong>\u00a0<\/p>\n","protected":false},"excerpt":{"rendered":"<p>Redebeitrag zur Gemeinderatssitzung Dezember 2020 TOP 12 Interfraktioneller Antrag Esslingen als sicherer Hafen f\u00fcr Gefl\u00fcchtete Mit gro\u00dfer Freude stimme ich dem interfraktionellen Antrag \u201eEsslingen als sicherer Hafen f\u00fcr Gefl\u00fcchtete\u201c zu. Ich war selbst lange Zeit in der Betreuung von Fl\u00fcchtlingen aktiv und habe nur positive Erfahrungen gemacht. Eine\u00a0wirkliche Bereicherung f\u00fcr beide Seiten. Ich halte es &hellip; <a href=\"https:\/\/fuer-esslingen.de\/?p=2472\" class=\"more-link\"><span class=\"screen-reader-text\">Ich halte es f\u00fcr unsere humanit\u00e4re Pflicht, als eines der reichsten L\u00e4nder der Welt hier gro\u00dfz\u00fcgig Hilfe zu leisten<\/span> weiterlesen <span class=\"meta-nav\">&rarr;<\/span><\/a><\/p>\n","protected":false},"author":1,"featured_media":0,"comment_status":"closed","ping_status":"closed","sticky":false,"template":"","format":"standard","meta":{"footnotes":""},"categories":[17,24],"tags":[],"class_list":["post-2472","post","type-post","status-publish","format-standard","hentry","category-international","category-reden-im-gemeinderat"],"_links":{"self":[{"href":"https:\/\/fuer-esslingen.de\/index.php?rest_route=\/wp\/v2\/posts\/2472","targetHints":{"allow":["GET"]}}],"collection":[{"href":"https:\/\/fuer-esslingen.de\/index.php?rest_route=\/wp\/v2\/posts"}],"about":[{"href":"https:\/\/fuer-esslingen.de\/index.php?rest_route=\/wp\/v2\/types\/post"}],"author":[{"embeddable":true,"href":"https:\/\/fuer-esslingen.de\/index.php?rest_route=\/wp\/v2\/users\/1"}],"replies":[{"embeddable":true,"href":"https:\/\/fuer-esslingen.de\/index.php?rest_route=%2Fwp%2Fv2%2Fcomments&post=2472"}],"version-history":[{"count":1,"href":"https:\/\/fuer-esslingen.de\/index.php?rest_route=\/wp\/v2\/posts\/2472\/revisions"}],"predecessor-version":[{"id":2473,"href":"https:\/\/fuer-esslingen.de\/index.php?rest_route=\/wp\/v2\/posts\/2472\/revisions\/2473"}],"wp:attachment":[{"href":"https:\/\/fuer-esslingen.de\/index.php?rest_route=%2Fwp%2Fv2%2Fmedia&parent=2472"}],"wp:term":[{"taxonomy":"category","embeddable":true,"href":"https:\/\/fuer-esslingen.de\/index.php?rest_route=%2Fwp%2Fv2%2Fcategories&post=2472"},{"taxonomy":"post_tag","embeddable":true,"href":"https:\/\/fuer-esslingen.de\/index.php?rest_route=%2Fwp%2Fv2%2Ftags&post=2472"}],"curies":[{"name":"wp","href":"https:\/\/api.w.org\/{rel}","templated":true}]}}