{"id":2474,"date":"2021-05-25T08:31:23","date_gmt":"2021-05-25T06:31:23","guid":{"rendered":"https:\/\/fuer-esslingen.de\/?p=2474"},"modified":"2021-05-25T09:01:36","modified_gmt":"2021-05-25T07:01:36","slug":"was-ist-ein-krankenhaus-ohne-personal","status":"publish","type":"post","link":"https:\/\/fuer-esslingen.de\/?p=2474","title":{"rendered":"Was ist ein Krankenhaus ohne Personal?"},"content":{"rendered":"\n<p><strong>Redebeitrag zur Gemeinderatssitzung Feb 2021<\/strong> &#8211; <strong>TOP 1 &#8211; Krankenhaus<\/strong><\/p>\n\n\n\n<p class=\"has-white-background-color has-background has-medium-font-size\"><strong>F\u00dcR ES stimmt der Errichtung eines Interims-Bettenbaus zu<\/strong><\/p>\n\n\n\n<p class=\"has-white-background-color has-background\">Wir begr\u00fc\u00dfen ausdr\u00fccklich, die grunds\u00e4tzlich notwendigen baulichen Weiterentwicklungen, die dazu dienen Standards und Kernfunktionen eines Krankenhauses zu erh\u00f6hen und Patienten medizinisch und pflegerisch auf einem wissenschaftlich aktuellen Niveau zu versorgen. Auch finden wir die Errichtung des Betteninterimsbaus mit 120 Betten bzw. Stationen mit Zwei-Bett-Zimmern und zeitgem\u00e4\u00dfer Sanit\u00e4r-Ausstattung genau richtig.<\/p>\n\n\n\n<p class=\"has-white-background-color has-background\">Womit wir nicht einverstanden sind, ist die Begr\u00fcndung mit Wettbewerbsf\u00e4higkeit und Steigerung der Wirtschaftlichkeit. Nat\u00fcrlich sind wir daf\u00fcr ressourcenschonend zu arbeiten. Zugleich sehen wir Kliniken als \u00f6ffentliche \u201eGesundheitseinrichtungen\u201c und nicht als ein profitables Wirtschaftsunternehmen. Die Krankenhausfinanzierung braucht grunds\u00e4tzliche Ver\u00e4nderungen. Wir brauchen Krankenhausversorgung, wo sich die Kostenerstattung nach dem tats\u00e4chlichen Bedarf richtet und vollst\u00e4ndig refinanziert wird und nicht nach den v\u00f6llig realit\u00e4tsfernen Fallpauschalen. Wir unterst\u00fctzen daher die Forderungen der Dienstsleistungsgewerkschaft ver.di, die Fallpauschalen abzuschaffen. Sie stehen einer bedarfsgerechten und qualitativ hochwertigen Krankenhausversorgung genau entgegen. Die Fallpauschalen bef\u00f6rdern eher den Personalabbau statt des Ausbaus des Personals. Sie bef\u00f6rderten wie wir sehen die Gewinnorientierung und schlie\u00dflich die Privatisierung von Krankenh\u00e4usern.<\/p>\n\n\n\n<p class=\"has-white-background-color has-background\">Was ist ein Krankenhaus ohne Personal? Die station\u00e4re Pflege braucht nach den Berechnungen von Heinz Rothgang, Prof. f\u00fcr Gesundheits\u00f6konomie, 36 % mehr Personal also rund 115 000 zus\u00e4tzliche Vollzeitstellen f\u00fcr eine ad\u00e4quate Versorgung. In der jetzigen Pandemie zeigt sich, dass die Personalknappheit der entscheidende Schwachpunkt unseres Gesundheitswesens ist. &nbsp;Auch in Esslingen m\u00fcssen wir darauf einwirken, dass in dem neuen gebauten Krankenhaus viel mehr Personal eingestellt wird um eine hohe Qualit\u00e4t der Pflege zu gew\u00e4hrleisten.<\/p>\n","protected":false},"excerpt":{"rendered":"<p>Redebeitrag zur Gemeinderatssitzung Feb 2021 &#8211; TOP 1 &#8211; Krankenhaus F\u00dcR ES stimmt der Errichtung eines Interims-Bettenbaus zu Wir begr\u00fc\u00dfen ausdr\u00fccklich, die grunds\u00e4tzlich notwendigen baulichen Weiterentwicklungen, die dazu dienen Standards und Kernfunktionen eines Krankenhauses zu erh\u00f6hen und Patienten medizinisch und pflegerisch auf einem wissenschaftlich aktuellen Niveau zu versorgen. Auch finden wir die Errichtung des Betteninterimsbaus &hellip; <a href=\"https:\/\/fuer-esslingen.de\/?p=2474\" class=\"more-link\"><span class=\"screen-reader-text\">Was ist ein Krankenhaus ohne Personal?<\/span> weiterlesen <span class=\"meta-nav\">&rarr;<\/span><\/a><\/p>\n","protected":false},"author":1,"featured_media":0,"comment_status":"closed","ping_status":"closed","sticky":false,"template":"","format":"standard","meta":{"footnotes":""},"categories":[24],"tags":[],"class_list":["post-2474","post","type-post","status-publish","format-standard","hentry","category-reden-im-gemeinderat"],"_links":{"self":[{"href":"https:\/\/fuer-esslingen.de\/index.php?rest_route=\/wp\/v2\/posts\/2474","targetHints":{"allow":["GET"]}}],"collection":[{"href":"https:\/\/fuer-esslingen.de\/index.php?rest_route=\/wp\/v2\/posts"}],"about":[{"href":"https:\/\/fuer-esslingen.de\/index.php?rest_route=\/wp\/v2\/types\/post"}],"author":[{"embeddable":true,"href":"https:\/\/fuer-esslingen.de\/index.php?rest_route=\/wp\/v2\/users\/1"}],"replies":[{"embeddable":true,"href":"https:\/\/fuer-esslingen.de\/index.php?rest_route=%2Fwp%2Fv2%2Fcomments&post=2474"}],"version-history":[{"count":2,"href":"https:\/\/fuer-esslingen.de\/index.php?rest_route=\/wp\/v2\/posts\/2474\/revisions"}],"predecessor-version":[{"id":2498,"href":"https:\/\/fuer-esslingen.de\/index.php?rest_route=\/wp\/v2\/posts\/2474\/revisions\/2498"}],"wp:attachment":[{"href":"https:\/\/fuer-esslingen.de\/index.php?rest_route=%2Fwp%2Fv2%2Fmedia&parent=2474"}],"wp:term":[{"taxonomy":"category","embeddable":true,"href":"https:\/\/fuer-esslingen.de\/index.php?rest_route=%2Fwp%2Fv2%2Fcategories&post=2474"},{"taxonomy":"post_tag","embeddable":true,"href":"https:\/\/fuer-esslingen.de\/index.php?rest_route=%2Fwp%2Fv2%2Ftags&post=2474"}],"curies":[{"name":"wp","href":"https:\/\/api.w.org\/{rel}","templated":true}]}}