{"id":2476,"date":"2021-05-25T08:35:51","date_gmt":"2021-05-25T06:35:51","guid":{"rendered":"https:\/\/fuer-esslingen.de\/?p=2476"},"modified":"2021-05-25T09:00:50","modified_gmt":"2021-05-25T07:00:50","slug":"die-stadt-die-chance-gehabt-etwa-900-staedtischen-sozialwohnungen-in-der-neuen-weststadt-zu-errichten","status":"publish","type":"post","link":"https:\/\/fuer-esslingen.de\/?p=2476","title":{"rendered":"Die Stadt die Chance gehabt, etwa 900 st\u00e4dtischen Sozialwohnungen in der Neuen Weststadt zu errichten"},"content":{"rendered":"\n<p><strong>Redebeitrag zur Gemeinderatssitzung Feb 2021<\/strong> &#8211; <strong>TOP 7 Bebauungsplan Neue Weststadt Baublock A<\/strong><\/p>\n\n\n\n<p class=\"has-white-background-color has-background\"><strong>F\u00fcr Esslingen nimmt die eingegangenen Stellungnahmen mit Interesse zur Kenntnis &nbsp;und nimmt dazu wie folgt Stellung.<\/strong><\/p>\n\n\n\n<ol type=\"1\" class=\"has-white-background-color has-background wp-block-list\"><li><strong>F\u00fcr Esslingen bedauert auch heute noch die Stilllegung des G\u00fcterbahnhofs.&nbsp; Die Verkehrsminister von CDU und CSU und der Bahnvorstand haben systematisch daf\u00fcr gesorgt, dass der G\u00fcterverkehr vom Gleis auf die Stra\u00dfe verlegt wurde und bundesweit die Fl\u00e4chen der G\u00fcterbahnh\u00f6fe in profitable Immobilienprojekte umgewandelt wurden. Wie in Esslingen und Stuttgart.<\/strong><\/li><li><strong>Der BUND hat nat\u00fcrlich Recht, dass es immer noch&nbsp; besser ist&nbsp; solche Brachfl\u00e4chen zu bebauen statt Frischluftschneisen, Streuobstwiesen und andere Gr\u00fcnfl\u00e4chen zuzubetonieren wie das im Fl\u00e4chennutzungsplan vorgesehen ist.<\/strong><\/li><li><strong>Auf dem ehemaligen G\u00fcterbahnhofsgel\u00e4nde h\u00e4tte die Stadt&nbsp;die Chance gehabt durch den Bau von etwa &nbsp;900 st\u00e4dtischen Sozialwohnungen&nbsp; zu mindestens die gr\u00f6bsten &nbsp;Auswirkungen der Wohnungsnot zu lindern.<\/strong><\/li><li><strong>Wir sind der Meinung, dass zuerst die Menschen aus der Notfallkartei, die Rentner, alleinerziehenden und Kinderreichen mit Wohnungen versorgt werden m\u00fcssen.<\/strong><\/li><li><strong>Stattdessen wurde die&nbsp; Fl\u00e4che f\u00fcrn Appel und nen Ei an einen Investor verscherbelt lange Zeit ohne irgendwelche Auflagen.<\/strong><\/li><li><strong>Erst jetzt soll&nbsp; ein Teil der Wohnungen&nbsp;nach den Vorgaben des Landeswohnraumf\u00f6rderprogramms vergeben werden. Aber auch das ist eine Mogelpackung.&nbsp;Gef\u00f6rdert wird der Investor. Oder der Bau von Eigentumswohnungen \u2013 als ob sich die alleinerziehende Mutter oder der einfache Rentner eine Eigentumswohnung leisten k\u00f6nnte.<\/strong><\/li><li><strong>\u00dcber die tats\u00e4chliche H\u00f6he der Mieten schweigt sich die Vorlage wie \u00fcblich aus. Ebenso \u00fcber die Folgekosten f\u00fcr die Stadt die dem Investor abgenommen werden.<\/strong><\/li><li><strong>Aus all diesen Gr\u00fcnden lehnen wir die Bauma\u00dfnahmen in der Neue Weststadt ab und fordern die Konzentration auf den sozialen Wohnungsbau mit Mietpreisen von 7 Euro pro Quadratmetern. Wenn das in der Gro\u00dfstadt Wien m\u00f6glich ist \u2013 Warum soll das nicht in Esslingen m\u00f6glich sein?<\/strong><\/li><\/ol>\n","protected":false},"excerpt":{"rendered":"<p>Redebeitrag zur Gemeinderatssitzung Feb 2021 &#8211; TOP 7 Bebauungsplan Neue Weststadt Baublock A F\u00fcr Esslingen nimmt die eingegangenen Stellungnahmen mit Interesse zur Kenntnis &nbsp;und nimmt dazu wie folgt Stellung. F\u00fcr Esslingen bedauert auch heute noch die Stilllegung des G\u00fcterbahnhofs.&nbsp; Die Verkehrsminister von CDU und CSU und der Bahnvorstand haben systematisch daf\u00fcr gesorgt, dass der G\u00fcterverkehr &hellip; <a href=\"https:\/\/fuer-esslingen.de\/?p=2476\" class=\"more-link\"><span class=\"screen-reader-text\">Die Stadt die Chance gehabt, etwa 900 st\u00e4dtischen Sozialwohnungen in der Neuen Weststadt zu errichten<\/span> weiterlesen <span class=\"meta-nav\">&rarr;<\/span><\/a><\/p>\n","protected":false},"author":1,"featured_media":0,"comment_status":"closed","ping_status":"closed","sticky":false,"template":"","format":"standard","meta":{"footnotes":""},"categories":[24,27],"tags":[],"class_list":["post-2476","post","type-post","status-publish","format-standard","hentry","category-reden-im-gemeinderat","category-sozialer-wohnungsbau"],"_links":{"self":[{"href":"https:\/\/fuer-esslingen.de\/index.php?rest_route=\/wp\/v2\/posts\/2476","targetHints":{"allow":["GET"]}}],"collection":[{"href":"https:\/\/fuer-esslingen.de\/index.php?rest_route=\/wp\/v2\/posts"}],"about":[{"href":"https:\/\/fuer-esslingen.de\/index.php?rest_route=\/wp\/v2\/types\/post"}],"author":[{"embeddable":true,"href":"https:\/\/fuer-esslingen.de\/index.php?rest_route=\/wp\/v2\/users\/1"}],"replies":[{"embeddable":true,"href":"https:\/\/fuer-esslingen.de\/index.php?rest_route=%2Fwp%2Fv2%2Fcomments&post=2476"}],"version-history":[{"count":2,"href":"https:\/\/fuer-esslingen.de\/index.php?rest_route=\/wp\/v2\/posts\/2476\/revisions"}],"predecessor-version":[{"id":2497,"href":"https:\/\/fuer-esslingen.de\/index.php?rest_route=\/wp\/v2\/posts\/2476\/revisions\/2497"}],"wp:attachment":[{"href":"https:\/\/fuer-esslingen.de\/index.php?rest_route=%2Fwp%2Fv2%2Fmedia&parent=2476"}],"wp:term":[{"taxonomy":"category","embeddable":true,"href":"https:\/\/fuer-esslingen.de\/index.php?rest_route=%2Fwp%2Fv2%2Fcategories&post=2476"},{"taxonomy":"post_tag","embeddable":true,"href":"https:\/\/fuer-esslingen.de\/index.php?rest_route=%2Fwp%2Fv2%2Ftags&post=2476"}],"curies":[{"name":"wp","href":"https:\/\/api.w.org\/{rel}","templated":true}]}}