{"id":2478,"date":"2021-05-25T08:38:56","date_gmt":"2021-05-25T06:38:56","guid":{"rendered":"https:\/\/fuer-esslingen.de\/?p=2478"},"modified":"2021-05-25T09:00:10","modified_gmt":"2021-05-25T07:00:10","slug":"skandal-beschluss-ueber-den-verkauf-einer-der-wertvollsten-immobilien-der-stadt-unter-ausschluss-der-oeffentlichkeit","status":"publish","type":"post","link":"https:\/\/fuer-esslingen.de\/?p=2478","title":{"rendered":"Skandal: Beschluss \u00fcber den Verkauf einer der wertvollsten Immobilien der Stadt unter Ausschluss der \u00d6ffentlichkeit"},"content":{"rendered":"\n<p><strong>Redebeitrag zur Gemeinderatssitzung M\u00e4rz 2021<\/strong> &#8211; <strong>TOP 22 Grundsatzentscheidung Verkauf Hotel Park Consul<\/strong><\/p>\n\n\n\n<ol type=\"1\" class=\"has-white-background-color has-background wp-block-list\"><li><strong>Es ist ein Skandal, dass \u00fcber den Verkauf einer der wertvollsten Immobilien der Stadt in nicht\u00f6ffentlicher Sitzung beschlossen werden soll ohne, dass die \u00d6ffentlichkeit die M\u00f6glichkeit hat in die Diskussion einzugreifen.<\/strong><\/li><li><strong>Der Verkaufserl\u00f6s ist l\u00e4cherlich angesichts der drastisch ansteigenden Gesamtverschuldung und w\u00e4re in wenigen Monaten aufgebraucht.<\/strong><\/li><li><strong>Genauso l\u00e4cherlich sind die angeblichen Einsparungen von 140 000 \u20ac im Haushaltsjahr 2024. Wir fragen wie hoch waren die j\u00e4hrlichen Pachteinnahmen.<\/strong><\/li><li><strong>Der Verkauf soll im Oktober erfolgen. Zu dem Zeitpunkt ist m\u00f6glicherweise der Lockdown noch nicht beendet. Das w\u00fcrde dem Investor einen Schn\u00e4ppchenpreis garantieren.<\/strong><\/li><li><strong>In der jetzigen Situation ist jede Immobilie eine sichere Anlagem\u00f6glichkeit, ein wertvolles Spekulationsobjekt und ein Renditegarant.&nbsp; Denn selbst wenn der Investor das Hotel gar nicht betreibt kann er sicher sein, dass der Wert der Immobilie nach einem Jahr um 5 oder 10, oder noch mehr &nbsp;Prozent gestiegen ist.<\/strong><\/li><li><strong>Warum sollen wir so ein wertvolles Objekt, das von den B\u00fcrgern bezahlt wird verschenken? Wir sind sicher: Kein Investor w\u00fcrde das Hotel kaufen, wenn er sich nicht fette Profite erwarten w\u00fcrde.<\/strong><\/li><li><strong>Typisch ist nat\u00fcrlich, dass die verlustbringende Veranstaltungsr\u00e4ume im Besitz der Stadt bleiben sollen &#8211; nach dem Motto: Profitm\u00f6glichkeiten werden sofort privatisiert. Die Verluste verbleiben bei der Stadt.&nbsp; &nbsp;<\/strong><\/li><li><strong>Uns fallen dutzende von Einsatzm\u00f6glichkeiten ein wie die R\u00e4umlichkeiten im Interesse der B\u00fcrger genutzt werden k\u00f6nnten zum Beispiel als 2. Frauenhaus. Umwandlung in Sozialwohnungen f\u00fcr B\u00fcrger aus der Notfallkartei. Auch f\u00fcr Katastrophenf\u00e4llen w\u00e4ren solche verf\u00fcgbaren Notunterbringungen enorm wichtig etc. etc.<\/strong><\/li><\/ol>\n\n\n\n<p class=\"has-white-background-color has-background\"><strong>Aus all diesen Gr\u00fcnden muss der Grundsatzbeschluss unbedingt abgelehnt werden<\/strong><\/p>\n","protected":false},"excerpt":{"rendered":"<p>Redebeitrag zur Gemeinderatssitzung M\u00e4rz 2021 &#8211; TOP 22 Grundsatzentscheidung Verkauf Hotel Park Consul Es ist ein Skandal, dass \u00fcber den Verkauf einer der wertvollsten Immobilien der Stadt in nicht\u00f6ffentlicher Sitzung beschlossen werden soll ohne, dass die \u00d6ffentlichkeit die M\u00f6glichkeit hat in die Diskussion einzugreifen. Der Verkaufserl\u00f6s ist l\u00e4cherlich angesichts der drastisch ansteigenden Gesamtverschuldung und w\u00e4re &hellip; <a href=\"https:\/\/fuer-esslingen.de\/?p=2478\" class=\"more-link\"><span class=\"screen-reader-text\">Skandal: Beschluss \u00fcber den Verkauf einer der wertvollsten Immobilien der Stadt unter Ausschluss der \u00d6ffentlichkeit<\/span> weiterlesen <span class=\"meta-nav\">&rarr;<\/span><\/a><\/p>\n","protected":false},"author":1,"featured_media":0,"comment_status":"closed","ping_status":"closed","sticky":false,"template":"","format":"standard","meta":{"footnotes":""},"categories":[11,24],"tags":[],"class_list":["post-2478","post","type-post","status-publish","format-standard","hentry","category-haushalt","category-reden-im-gemeinderat"],"_links":{"self":[{"href":"https:\/\/fuer-esslingen.de\/index.php?rest_route=\/wp\/v2\/posts\/2478","targetHints":{"allow":["GET"]}}],"collection":[{"href":"https:\/\/fuer-esslingen.de\/index.php?rest_route=\/wp\/v2\/posts"}],"about":[{"href":"https:\/\/fuer-esslingen.de\/index.php?rest_route=\/wp\/v2\/types\/post"}],"author":[{"embeddable":true,"href":"https:\/\/fuer-esslingen.de\/index.php?rest_route=\/wp\/v2\/users\/1"}],"replies":[{"embeddable":true,"href":"https:\/\/fuer-esslingen.de\/index.php?rest_route=%2Fwp%2Fv2%2Fcomments&post=2478"}],"version-history":[{"count":2,"href":"https:\/\/fuer-esslingen.de\/index.php?rest_route=\/wp\/v2\/posts\/2478\/revisions"}],"predecessor-version":[{"id":2496,"href":"https:\/\/fuer-esslingen.de\/index.php?rest_route=\/wp\/v2\/posts\/2478\/revisions\/2496"}],"wp:attachment":[{"href":"https:\/\/fuer-esslingen.de\/index.php?rest_route=%2Fwp%2Fv2%2Fmedia&parent=2478"}],"wp:term":[{"taxonomy":"category","embeddable":true,"href":"https:\/\/fuer-esslingen.de\/index.php?rest_route=%2Fwp%2Fv2%2Fcategories&post=2478"},{"taxonomy":"post_tag","embeddable":true,"href":"https:\/\/fuer-esslingen.de\/index.php?rest_route=%2Fwp%2Fv2%2Ftags&post=2478"}],"curies":[{"name":"wp","href":"https:\/\/api.w.org\/{rel}","templated":true}]}}