{"id":2482,"date":"2021-05-25T08:44:05","date_gmt":"2021-05-25T06:44:05","guid":{"rendered":"https:\/\/fuer-esslingen.de\/?p=2482"},"modified":"2021-05-25T08:58:51","modified_gmt":"2021-05-25T06:58:51","slug":"neckaruferpark-kostenguenstiger-behutsamer-und-naturnaher-gestalten","status":"publish","type":"post","link":"https:\/\/fuer-esslingen.de\/?p=2482","title":{"rendered":"Neckaruferpark kosteng\u00fcnstiger, behutsamer und naturnaher gestalten"},"content":{"rendered":"\n<p><strong>Redebeitrag zur Gemeinderatssitzung M\u00e4rz 2021<\/strong> &#8211; <strong>TOP 3 Neckaruferpark<\/strong><\/p>\n\n\n\n<p class=\"has-white-background-color has-background\">Seit \u00fcber 10 Jahren wird \u00fcber den Neckaruferpark diskutiert. In der Vergangenheit musste er immer wieder herhalten zur Rechtfertigung der Betonpolitik der Stadtverwaltung. Nach dem Motto: Wir planen ja den Neckaruferpark, dann k\u00f6nnen wir den Bahnhofsvorplatz zubetonieren und auf dem Gel\u00e4nde des ZOB brauchen wir keinen Stadtpark, sondern der Investor darf sich mit Microappartements eine goldene Nase verdienen.<\/p>\n\n\n\n<p class=\"has-white-background-color has-background\">Bei der gef\u00fchrten Besichtigung des Gel\u00e4ndes konnten wir viele h\u00fcbsche Ecken entdecken, die im Lauf der Jahr gewachsen sind, 700 Eidechsen aus der neuen Weststadt haben hier ihre neue Heimat gefunden. Man kann nur hoffen, dass wenigstens ein Gro\u00dfteil \u00fcberlebt hat. Auch der Wildwuchs und die zugewachsenen G\u00e4rten haben ihren Reiz und bieten vor allem beste Lebensbedingungen f\u00fcr V\u00f6gel Eidechsen Insekten, Igel und Kleintiere aller Art. Wir meinen wir sollten die Tiere einfach mal in Ruhe lassen und die Umgestaltung des Neckarufers sehr behutsam angehen.<\/p>\n\n\n\n<p class=\"has-white-background-color has-background\">Der Entwurf der N\u00fcrnberger Landschaftsarchitekten enth\u00e4lt sicher auch einige \u00fcberlegenswerte Ideen, der Eingriff in die gewachsene Uferlandschaft ist aber viel zu drastisch. Heute soll \u00fcber die&nbsp;Aktivfl\u00e4che Neckarplateau abgestimmt werden. Auf dem Bild ist die Fl\u00e4che Grau in Grau mit ein paar Gr\u00fcnen Farbtupfern &#8211; &nbsp;Viel zu viel Beton und viel zu wenig Gr\u00fcn. Oft ist ein gewachsenes St\u00fcck Natur f\u00fcr Kinder spannender als ein steriler \u201eAktivspielplatz\u201c. Wobei man nat\u00fcrlich die Fl\u00e4che unter der Vogelsang Br\u00fccke gut f\u00fcr Aktivit\u00e4tsangebote aller Art nutzen kann.<\/p>\n\n\n\n<p class=\"has-white-background-color has-background\">Im Punkt 5 sollen \u00fcber eine halbe Million Euro nur f\u00fcr Planungskosten ausgegeben werden. Wir sind der Meinung, dass die weitere Planung und Fertigstellung der vorgesehenen&nbsp;Ufergestaltung sehr wohl weit kosteng\u00fcnstiger z.B. vom Gr\u00fcnfl\u00e4chenamt&nbsp; durchgef\u00fchrt werden kann.<\/p>\n\n\n\n<p class=\"has-white-background-color has-background\">Das gr\u00f6\u00dfte \u00c4rgernis aber ist und bleibt die 400 Meter Schiebestrecke auf dem Radweg Richtung Stuttgart. Der sehr vern\u00fcnftige Vorschlag einer provisorisch asphaltierten Rampe wird in der Vorlage abgeschmettert. Auf R\u00fcckfrage beim ADFC wurde uns gesagt, es sei nicht mal eine Asphaltierung n\u00f6tig; die Strecke w\u00e4re auch so wie sie ist befahrbar. Es gibt viel schlechtere Radwege im Land.&nbsp;<\/p>\n\n\n\n<p class=\"has-white-background-color has-background\">Wir fordern deshalb den gemeinsamen Antrag von Gr\u00fcnen und Linken FA\/398\/2020 zu beschlie\u00dfen, damit die L\u00fccke im Neckartalradweg bis zur Fertigstellung des Radschnellwegs geschlossen werden kann. Die Gestaltung des Neckaruferparks soll weiter beraten werden um eine kosteng\u00fcnstigere, behutsamere und naturnahe L\u00f6sung zu finden.<\/p>\n","protected":false},"excerpt":{"rendered":"<p>Redebeitrag zur Gemeinderatssitzung M\u00e4rz 2021 &#8211; TOP 3 Neckaruferpark Seit \u00fcber 10 Jahren wird \u00fcber den Neckaruferpark diskutiert. In der Vergangenheit musste er immer wieder herhalten zur Rechtfertigung der Betonpolitik der Stadtverwaltung. Nach dem Motto: Wir planen ja den Neckaruferpark, dann k\u00f6nnen wir den Bahnhofsvorplatz zubetonieren und auf dem Gel\u00e4nde des ZOB brauchen wir keinen &hellip; <a href=\"https:\/\/fuer-esslingen.de\/?p=2482\" class=\"more-link\"><span class=\"screen-reader-text\">Neckaruferpark kosteng\u00fcnstiger, behutsamer und naturnaher gestalten<\/span> weiterlesen <span class=\"meta-nav\">&rarr;<\/span><\/a><\/p>\n","protected":false},"author":1,"featured_media":0,"comment_status":"closed","ping_status":"closed","sticky":false,"template":"","format":"standard","meta":{"footnotes":""},"categories":[24,36,26],"tags":[],"class_list":["post-2482","post","type-post","status-publish","format-standard","hentry","category-reden-im-gemeinderat","category-stadtplanung","category-verkehrspolitik"],"_links":{"self":[{"href":"https:\/\/fuer-esslingen.de\/index.php?rest_route=\/wp\/v2\/posts\/2482","targetHints":{"allow":["GET"]}}],"collection":[{"href":"https:\/\/fuer-esslingen.de\/index.php?rest_route=\/wp\/v2\/posts"}],"about":[{"href":"https:\/\/fuer-esslingen.de\/index.php?rest_route=\/wp\/v2\/types\/post"}],"author":[{"embeddable":true,"href":"https:\/\/fuer-esslingen.de\/index.php?rest_route=\/wp\/v2\/users\/1"}],"replies":[{"embeddable":true,"href":"https:\/\/fuer-esslingen.de\/index.php?rest_route=%2Fwp%2Fv2%2Fcomments&post=2482"}],"version-history":[{"count":2,"href":"https:\/\/fuer-esslingen.de\/index.php?rest_route=\/wp\/v2\/posts\/2482\/revisions"}],"predecessor-version":[{"id":2494,"href":"https:\/\/fuer-esslingen.de\/index.php?rest_route=\/wp\/v2\/posts\/2482\/revisions\/2494"}],"wp:attachment":[{"href":"https:\/\/fuer-esslingen.de\/index.php?rest_route=%2Fwp%2Fv2%2Fmedia&parent=2482"}],"wp:term":[{"taxonomy":"category","embeddable":true,"href":"https:\/\/fuer-esslingen.de\/index.php?rest_route=%2Fwp%2Fv2%2Fcategories&post=2482"},{"taxonomy":"post_tag","embeddable":true,"href":"https:\/\/fuer-esslingen.de\/index.php?rest_route=%2Fwp%2Fv2%2Ftags&post=2482"}],"curies":[{"name":"wp","href":"https:\/\/api.w.org\/{rel}","templated":true}]}}