{"id":2712,"date":"2022-03-03T23:28:33","date_gmt":"2022-03-03T21:28:33","guid":{"rendered":"https:\/\/fuer-esslingen.de\/?p=2712"},"modified":"2022-07-12T09:48:40","modified_gmt":"2022-07-12T07:48:40","slug":"100-milliarden-fuer-ruestung-kommunen-in-finanznot","status":"publish","type":"post","link":"https:\/\/fuer-esslingen.de\/?p=2712","title":{"rendered":"100 Milliarden f\u00fcr R\u00fcstung &#8211; Kommunen in Finanznot"},"content":{"rendered":"\n<p>Zwiebel &#8211; Kalenderwoche 9-2022<\/p>\n\n\n\n<p>Fotografie: Conrad<\/p>\n\n\n\n<p class=\"has-white-background-color has-background\">Montagsdemo Esslingen gegen den Krieg in der Ukraine kommenden Montag um 17.30 Uhr am Bahnhofsvorplatz<\/p>\n\n\n\n<p class=\"has-white-background-color has-background\">In der vergangenen Woche beschloss die Bundesregierung der Bundeswehr 100 Milliarden Euro !!! als Sonderverm\u00f6gen f\u00fcr Investitionen und R\u00fcstungsvorhaben zur Verf\u00fcgung zu stellen. Bundeskanzler Scholz k\u00fcndigte zugleich an, Deutschland werde &#8222;von nun an &#8211; Jahr f\u00fcr Jahr &#8211; mehr als zwei Prozent des Bruttoinlandsprodukts in unsere Verteidigung investieren&#8220;. Noch im April 2021 positionierte sich SPD-Fraktionschef Rolf M\u00fctzenich im Bundestagswahlkampf f\u00fcr eine Abkehr vom Zwei-Prozent-Ziel der Nato.&nbsp; Und ebenfalls im Wahlkampf&nbsp;2017 warnte&nbsp;SPD-Kanzlerkandidat&nbsp;Martin Schulz vor einem riskanten R\u00fcstungswettlauf. Aber was interessiert die SPD Spitze ihr Geschw\u00e4tz von gestern?&nbsp;<\/p>\n\n\n\n<p class=\"has-white-background-color has-background\">100 Milliarden Euro f\u00fcr R\u00fcstungsausgaben sind f\u00fcr die Regierungsparteien kein Problem. Es sind die gleichen Parteien,&nbsp;die im Esslinger Gemeinderat \u00fcber die klamme Finanzsituation der Stadt jammern. Denn gegen\u00fcber den kommunalen Finanzen wird eine rigide Sparpolitik betrieben. Mit den 100 Milliarden k\u00f6nnte man circa 70% der Verschuldung aller deutschen Kommunen beheben, die im&nbsp;Jahr 2020 bei rund 133,34 Milliarden Euro lag.&nbsp; Die Mehrheit der Esslinger Gemeinder\u00e4te entschied den Doppelhaushalt 2021\/20222, der gepr\u00e4gt ist von Sparma\u00dfnahmen.<\/p>\n\n\n\n<p class=\"has-white-background-color has-background\">F\u00dcR Esslingen stellte im vergangenen Jahr eine ganze Reihe von Antr\u00e4gen f\u00fcr Soziale Investitionen. Aber KEIN GELD war da f\u00fcr&nbsp;leistungsf\u00e4hige&nbsp;Luftfilter f\u00fcr die Klassenr\u00e4ume w\u00e4hrend der Corona-Pandemie. KEIN GELD war da f\u00fcr einen SOZIALEN WOHNUNGSBAU mit Mieten f\u00fcr maximal 7\u20ac\/m2. KEIN GELD&nbsp;f\u00fcr die SOFORTIGE Besetzung freigewordener VERWALTUNGSSTELLEN bei der Stadt. KEIN GELD f\u00fcr die Sanierung des ALICENSTEGS. KEIN GELD&nbsp;f\u00fcr die Sanierung des 4PEH und des VFL POST. Die Liste ist unvollst\u00e4ndig.&nbsp;<\/p>\n\n\n\n<p class=\"has-white-background-color has-background\">Dieser Krieg wird sowohl in der Ukraine, als auch Russland und jetzt auch in Deutschland auf dem R\u00fccken der Bev\u00f6lkerung ausgetragen. Das ist keine Solidarit\u00e4t! Kommt zur Montagsdemo gegen den Krieg in der Ukraine um 17.30 Uhr am Bahnhofsvorplatz<\/p>\n","protected":false},"excerpt":{"rendered":"<p>Zwiebel &#8211; Kalenderwoche 9-2022 Fotografie: Conrad Montagsdemo Esslingen gegen den Krieg in der Ukraine kommenden Montag um 17.30 Uhr am Bahnhofsvorplatz In der vergangenen Woche beschloss die Bundesregierung der Bundeswehr 100 Milliarden Euro !!! als Sonderverm\u00f6gen f\u00fcr Investitionen und R\u00fcstungsvorhaben zur Verf\u00fcgung zu stellen. Bundeskanzler Scholz k\u00fcndigte zugleich an, Deutschland werde &#8222;von nun an &#8211; &hellip; <a href=\"https:\/\/fuer-esslingen.de\/?p=2712\" class=\"more-link\"><span class=\"screen-reader-text\">100 Milliarden f\u00fcr R\u00fcstung &#8211; Kommunen in Finanznot<\/span> weiterlesen <span class=\"meta-nav\">&rarr;<\/span><\/a><\/p>\n","protected":false},"author":1,"featured_media":2713,"comment_status":"closed","ping_status":"closed","sticky":false,"template":"","format":"standard","meta":{"footnotes":""},"categories":[11],"tags":[],"class_list":["post-2712","post","type-post","status-publish","format-standard","has-post-thumbnail","hentry","category-haushalt"],"_links":{"self":[{"href":"https:\/\/fuer-esslingen.de\/index.php?rest_route=\/wp\/v2\/posts\/2712","targetHints":{"allow":["GET"]}}],"collection":[{"href":"https:\/\/fuer-esslingen.de\/index.php?rest_route=\/wp\/v2\/posts"}],"about":[{"href":"https:\/\/fuer-esslingen.de\/index.php?rest_route=\/wp\/v2\/types\/post"}],"author":[{"embeddable":true,"href":"https:\/\/fuer-esslingen.de\/index.php?rest_route=\/wp\/v2\/users\/1"}],"replies":[{"embeddable":true,"href":"https:\/\/fuer-esslingen.de\/index.php?rest_route=%2Fwp%2Fv2%2Fcomments&post=2712"}],"version-history":[{"count":5,"href":"https:\/\/fuer-esslingen.de\/index.php?rest_route=\/wp\/v2\/posts\/2712\/revisions"}],"predecessor-version":[{"id":2826,"href":"https:\/\/fuer-esslingen.de\/index.php?rest_route=\/wp\/v2\/posts\/2712\/revisions\/2826"}],"wp:featuredmedia":[{"embeddable":true,"href":"https:\/\/fuer-esslingen.de\/index.php?rest_route=\/wp\/v2\/media\/2713"}],"wp:attachment":[{"href":"https:\/\/fuer-esslingen.de\/index.php?rest_route=%2Fwp%2Fv2%2Fmedia&parent=2712"}],"wp:term":[{"taxonomy":"category","embeddable":true,"href":"https:\/\/fuer-esslingen.de\/index.php?rest_route=%2Fwp%2Fv2%2Fcategories&post=2712"},{"taxonomy":"post_tag","embeddable":true,"href":"https:\/\/fuer-esslingen.de\/index.php?rest_route=%2Fwp%2Fv2%2Ftags&post=2712"}],"curies":[{"name":"wp","href":"https:\/\/api.w.org\/{rel}","templated":true}]}}