{"id":2719,"date":"2022-03-09T08:58:20","date_gmt":"2022-03-09T06:58:20","guid":{"rendered":"https:\/\/fuer-esslingen.de\/?p=2719"},"modified":"2022-04-08T13:23:45","modified_gmt":"2022-04-08T11:23:45","slug":"frauenbuendnis-esslingen-fuer-den-weltfrieden","status":"publish","type":"post","link":"https:\/\/fuer-esslingen.de\/?p=2719","title":{"rendered":"Frauenb\u00fcndnis Esslingen f\u00fcr den Weltfrieden"},"content":{"rendered":"\n<figure class=\"wp-block-image size-large\"><img loading=\"lazy\" decoding=\"async\" width=\"1502\" height=\"2000\" src=\"http:\/\/fuer-esslingen.de\/wp-content\/uploads\/2022\/03\/IMG_20220308_170952-1502x2000.jpg\" alt=\"\" class=\"wp-image-2736\" srcset=\"https:\/\/fuer-esslingen.de\/wp-content\/uploads\/2022\/03\/IMG_20220308_170952-1502x2000.jpg 1502w, https:\/\/fuer-esslingen.de\/wp-content\/uploads\/2022\/03\/IMG_20220308_170952-225x300.jpg 225w, https:\/\/fuer-esslingen.de\/wp-content\/uploads\/2022\/03\/IMG_20220308_170952-768x1023.jpg 768w, https:\/\/fuer-esslingen.de\/wp-content\/uploads\/2022\/03\/IMG_20220308_170952-1153x1536.jpg 1153w, https:\/\/fuer-esslingen.de\/wp-content\/uploads\/2022\/03\/IMG_20220308_170952-1538x2048.jpg 1538w, https:\/\/fuer-esslingen.de\/wp-content\/uploads\/2022\/03\/IMG_20220308_170952-scaled.jpg 1922w\" sizes=\"auto, (max-width: 1502px) 100vw, 1502px\" \/><\/figure>\n\n\n\n<p>Artikel in der Zwiebel Ausgabe Kalenderwoche 10-2022<\/p>\n\n\n\n<p>Foto: Conrad<\/p>\n\n\n\n<p class=\"has-white-background-color has-background\">Die Aktion zum Internationalen FRAUENTAG des Esslinger Frauenb\u00fcndnisses am 8. M\u00e4rz in der Bahnhofstra\u00dfe war vor allem eine Anklage gegen den Krieg in der Ukraine und die grauenhaften Folgen f\u00fcr die Frauen und ihre Kinder. Der Frauenverband Courage machte darauf aufmerksam, dass Gewalt gegen Frauen im Krieg als Waffe eingesetzt wird. &#8222;Solidarit\u00e4t International&#8220; und &#8222;Die Rotf\u00fcchse&#8220; sammelten mit ihrer Popcornmaschine Spenden f\u00fcr das Zusammentreffen von Bergarbeitern aus aller Welt bei der Bergarbeiterkonferenz&nbsp; im September 2023.&nbsp; Die MLPD spannte den Bogen der Geschichte der weltweiten Frauenbewegung f\u00fcr Befreiung und gegen Unterdr\u00fcckung. F\u00dcR Esslingen prangerte den Bankrott des Esslinger sozialen Wohnungsbaus an. Frauen, die in ihren Beziehungen Gewalt erfahren, bleiben bei ihrem Partner, weil sie eine eigene Wohnung nicht finden oder finanzieren k\u00f6nnen. Jeden 3. Tag wird eine Frau in Deutschland ermordet. Mit ausreichenden Frauenh\u00e4usern und Mitteln k\u00f6nnte mancher dieser Morde verhindert werden. Dilek Toy beantragte 2021 im Gemeinderat:&nbsp;<\/p>\n\n\n\n<p class=\"has-white-background-color has-background\">&#8222;Die Organisation Frauen helfen Frauen stellen fest, dass die R\u00e4umlichkeiten f\u00fcr Frauen in Not in Esslingen v\u00f6llig unzureichend sind, dass st\u00e4ndig Frauen abgewiesen werden m\u00fcssen und dass auch eine Anschlussunterbringung der alleinerziehenden Frauen fast unm\u00f6glich ist. F\u00dcR Esslingen unterst\u00fctzt deshalb die Forderung nach einem 2. Frauenhaus in Esslingen.&#8220;&nbsp; Der Antrag wurde leider abgelehnt.<\/p>\n\n\n\n<p class=\"has-white-background-color has-background\">Aus Anlass des Internationalen Frauentages&nbsp;w\u00fcrdigten&nbsp;die Gemeinder\u00e4tinnen Dilek Toy und Sigrid Cremer im Namen der Jahreshauptversammlung von F\u00dcR Esslingen den engagierten Einsatz der Frauen des Frauenhauses und Ihre wertvolle Arbeit im Kampf gegen Gewalt an Frauen und Kindern in Esslingen und \u00fcberreichten im ES eine Spende von 500\u20ac. Das Frauenhaus verschenkte an diesem Tag im Rahmen der Aktion &#8222;Hoffnungsb\u00e4ren&#8220; an Kinder Luftballons um deutlich zu machen, dass Frauen und Kinder ein Recht auf ein gewaltfreies Leben haben.<\/p>\n","protected":false},"excerpt":{"rendered":"<p>Artikel in der Zwiebel Ausgabe Kalenderwoche 10-2022 Foto: Conrad Die Aktion zum Internationalen FRAUENTAG des Esslinger Frauenb\u00fcndnisses am 8. M\u00e4rz in der Bahnhofstra\u00dfe war vor allem eine Anklage gegen den Krieg in der Ukraine und die grauenhaften Folgen f\u00fcr die Frauen und ihre Kinder. Der Frauenverband Courage machte darauf aufmerksam, dass Gewalt gegen Frauen im &hellip; <a href=\"https:\/\/fuer-esslingen.de\/?p=2719\" class=\"more-link\"><span class=\"screen-reader-text\">Frauenb\u00fcndnis Esslingen f\u00fcr den Weltfrieden<\/span> weiterlesen <span class=\"meta-nav\">&rarr;<\/span><\/a><\/p>\n","protected":false},"author":1,"featured_media":0,"comment_status":"closed","ping_status":"closed","sticky":false,"template":"","format":"standard","meta":{"footnotes":""},"categories":[10],"tags":[],"class_list":["post-2719","post","type-post","status-publish","format-standard","hentry","category-frauen"],"_links":{"self":[{"href":"https:\/\/fuer-esslingen.de\/index.php?rest_route=\/wp\/v2\/posts\/2719","targetHints":{"allow":["GET"]}}],"collection":[{"href":"https:\/\/fuer-esslingen.de\/index.php?rest_route=\/wp\/v2\/posts"}],"about":[{"href":"https:\/\/fuer-esslingen.de\/index.php?rest_route=\/wp\/v2\/types\/post"}],"author":[{"embeddable":true,"href":"https:\/\/fuer-esslingen.de\/index.php?rest_route=\/wp\/v2\/users\/1"}],"replies":[{"embeddable":true,"href":"https:\/\/fuer-esslingen.de\/index.php?rest_route=%2Fwp%2Fv2%2Fcomments&post=2719"}],"version-history":[{"count":2,"href":"https:\/\/fuer-esslingen.de\/index.php?rest_route=\/wp\/v2\/posts\/2719\/revisions"}],"predecessor-version":[{"id":2738,"href":"https:\/\/fuer-esslingen.de\/index.php?rest_route=\/wp\/v2\/posts\/2719\/revisions\/2738"}],"wp:attachment":[{"href":"https:\/\/fuer-esslingen.de\/index.php?rest_route=%2Fwp%2Fv2%2Fmedia&parent=2719"}],"wp:term":[{"taxonomy":"category","embeddable":true,"href":"https:\/\/fuer-esslingen.de\/index.php?rest_route=%2Fwp%2Fv2%2Fcategories&post=2719"},{"taxonomy":"post_tag","embeddable":true,"href":"https:\/\/fuer-esslingen.de\/index.php?rest_route=%2Fwp%2Fv2%2Ftags&post=2719"}],"curies":[{"name":"wp","href":"https:\/\/api.w.org\/{rel}","templated":true}]}}