{"id":2932,"date":"2022-12-19T16:56:23","date_gmt":"2022-12-19T14:56:23","guid":{"rendered":"https:\/\/fuer-esslingen.de\/?p=2932"},"modified":"2023-09-14T14:25:31","modified_gmt":"2023-09-14T12:25:31","slug":"unerhoert-cdu-csu-und-afd-lehnen-buergergeld-ab","status":"publish","type":"post","link":"https:\/\/fuer-esslingen.de\/?p=2932","title":{"rendered":"UNERH\u00d6RT: CDU\/CSU und AFD lehnen B\u00fcrgergeld ab"},"content":{"rendered":"\n<figure class=\"wp-block-image size-full\"><img loading=\"lazy\" decoding=\"async\" width=\"180\" height=\"127\" src=\"https:\/\/fuer-esslingen.de\/wp-content\/uploads\/2022\/12\/202211151741141_1522.jpg.jpg\" alt=\"\" class=\"wp-image-2933\"\/><figcaption class=\"wp-element-caption\">Montagsdemo gegen Hartz IV jeden 1. Montag im Monat 17.30-18.30 am Bahnhofsplatz<br><\/figcaption><\/figure>\n\n\n\n<p>Zwiebel Artikel Nr. 46-2022<\/p>\n\n\n\n<p class=\"has-white-background-color has-background\">Gerade die \u00c4rmsten der Armen in Deutschland leiden unter den massiven Preissteigerungen der letzten Monate. Als Hoffnungsschimmer hatten viele auf das &#8222;B\u00fcrgergeld&#8220; gehofft. Die Bundesregierung hatte es vor kurzem nach heftigem Tauziehen&nbsp;mit&nbsp;der FDP&nbsp;beschlossen. Es sollte&nbsp;Hartz IV abl\u00f6sen und jeder Betroffene 53\u20ac mehr im Monat bekommen.&nbsp;<\/p>\n\n\n\n<p class=\"has-white-background-color has-background\">Am Montag haben jedoch die&nbsp;unionsregierten Bundesl\u00e4nder bei der Abstimmung im Bundesrat&nbsp; das neue Gesetz blockiert.&nbsp;Das bedeutet f\u00fcr Millionen Menschen, dass sie mitten in der galoppierenden Inflation vorerst noch nicht einmal diese 53 Euro bekommen, darunter&nbsp;2,7 Millionen&nbsp;Kinder&nbsp;und Jugendliche.<\/p>\n\n\n\n<p class=\"has-white-background-color has-background\">Die CDU\/CSU wettert vor allem gegen das Wegfallen der Sanktionen&nbsp;im ersten Haljahr. Die Leistungen k\u00f6nnen bei Pflichtverletzungen um bis zu 100% gestrichen werden. Viele Betroffene wurden so&nbsp;obdachlos. Das ist wohl von&nbsp;S\u00f6der, Merz und Co. so gewollt. Das sind die&nbsp;gleichen Leute, deren Karrierewege mit Pflichtverletzungen ohne Ende gepflastert sind, man denke nur an die desastr\u00f6se Corona-Politik oder das umweltpolitische und moralische Komplettversagen bei der \u00dcberschwemmungskatastrophe letztes Jahr.<\/p>\n\n\n\n<p class=\"has-white-background-color has-background\">Dabei ist auch das B\u00fcrgergeld nur ein Tropfen auf den hei\u00dfen Stein: Wie&nbsp;Hartz IV deckt es in keiner Weise den Bedarf eines Menschen.&nbsp;Der Parit\u00e4tische Wohlfahrtsverband hat sich erarbeitet, dass zur Deckung des Existenzminimums&nbsp;725 \u20ac notwendig sind.&nbsp;<\/p>\n\n\n\n<p class=\"has-white-background-color has-background\">Besonders widerw\u00e4rtig verh\u00e4lt sich die AfD. Sie fordert sogar&nbsp;eine Arbeitspflicht f\u00fcr Langzeitarbeitslose, &#8222;damit die Leute nicht verlernen, in der Fr\u00fch aufzustehen&#8220;. Das ist durch und durch arbeiterfeindlich. Jeden Arbeiter kann es durch Arbeitsplatzvernichtung oder Krankheit treffen, dass er arbeitslos wird, auch l\u00e4ngere Zeit.&nbsp;&nbsp;<\/p>\n\n\n\n<p class=\"has-white-background-color has-background\">Die beiden F\u00dcR Gemeinder\u00e4tinnen&nbsp;&nbsp;spenden&nbsp;jewils 25 \u20ac monatlich an die Esslinger Tafel und fordern&nbsp;im Gemeinderat die dringende Unterst\u00fctzung&nbsp;bei Miete und Nebenkosten.&nbsp;<\/p>\n\n\n\n<p>Macht mit bei F\u00dcR Esslingen, denn gemeinsam sind wir stark!&nbsp;<\/p>\n","protected":false},"excerpt":{"rendered":"<p>Zwiebel Artikel Nr. 46-2022 Gerade die \u00c4rmsten der Armen in Deutschland leiden unter den massiven Preissteigerungen der letzten Monate. Als Hoffnungsschimmer hatten viele auf das &#8222;B\u00fcrgergeld&#8220; gehofft. Die Bundesregierung hatte es vor kurzem nach heftigem Tauziehen&nbsp;mit&nbsp;der FDP&nbsp;beschlossen. Es sollte&nbsp;Hartz IV abl\u00f6sen und jeder Betroffene 53\u20ac mehr im Monat bekommen.&nbsp; Am Montag haben jedoch die&nbsp;unionsregierten Bundesl\u00e4nder &hellip; <a href=\"https:\/\/fuer-esslingen.de\/?p=2932\" class=\"more-link\"><span class=\"screen-reader-text\">UNERH\u00d6RT: CDU\/CSU und AFD lehnen B\u00fcrgergeld ab<\/span> weiterlesen <span class=\"meta-nav\">&rarr;<\/span><\/a><\/p>\n","protected":false},"author":1,"featured_media":0,"comment_status":"closed","ping_status":"closed","sticky":false,"template":"","format":"standard","meta":{"footnotes":""},"categories":[32],"tags":[],"class_list":["post-2932","post","type-post","status-publish","format-standard","hentry","category-soziale-frage"],"_links":{"self":[{"href":"https:\/\/fuer-esslingen.de\/index.php?rest_route=\/wp\/v2\/posts\/2932","targetHints":{"allow":["GET"]}}],"collection":[{"href":"https:\/\/fuer-esslingen.de\/index.php?rest_route=\/wp\/v2\/posts"}],"about":[{"href":"https:\/\/fuer-esslingen.de\/index.php?rest_route=\/wp\/v2\/types\/post"}],"author":[{"embeddable":true,"href":"https:\/\/fuer-esslingen.de\/index.php?rest_route=\/wp\/v2\/users\/1"}],"replies":[{"embeddable":true,"href":"https:\/\/fuer-esslingen.de\/index.php?rest_route=%2Fwp%2Fv2%2Fcomments&post=2932"}],"version-history":[{"count":1,"href":"https:\/\/fuer-esslingen.de\/index.php?rest_route=\/wp\/v2\/posts\/2932\/revisions"}],"predecessor-version":[{"id":2935,"href":"https:\/\/fuer-esslingen.de\/index.php?rest_route=\/wp\/v2\/posts\/2932\/revisions\/2935"}],"wp:attachment":[{"href":"https:\/\/fuer-esslingen.de\/index.php?rest_route=%2Fwp%2Fv2%2Fmedia&parent=2932"}],"wp:term":[{"taxonomy":"category","embeddable":true,"href":"https:\/\/fuer-esslingen.de\/index.php?rest_route=%2Fwp%2Fv2%2Fcategories&post=2932"},{"taxonomy":"post_tag","embeddable":true,"href":"https:\/\/fuer-esslingen.de\/index.php?rest_route=%2Fwp%2Fv2%2Ftags&post=2932"}],"curies":[{"name":"wp","href":"https:\/\/api.w.org\/{rel}","templated":true}]}}