{"id":2936,"date":"2022-12-19T16:58:10","date_gmt":"2022-12-19T14:58:10","guid":{"rendered":"https:\/\/fuer-esslingen.de\/?p=2936"},"modified":"2023-09-14T14:24:19","modified_gmt":"2023-09-14T12:24:19","slug":"kritik-am-streichkonzert-rede-im-gemeinderat","status":"publish","type":"post","link":"https:\/\/fuer-esslingen.de\/?p=2936","title":{"rendered":"Kritik am Streichkonzert &#8211; Rede im Gemeinderat"},"content":{"rendered":"\n<figure class=\"wp-block-image size-full\"><img loading=\"lazy\" decoding=\"async\" width=\"1049\" height=\"651\" src=\"https:\/\/fuer-esslingen.de\/wp-content\/uploads\/2022\/12\/202205102322331_1522.jpg\" alt=\"\" class=\"wp-image-2937\" srcset=\"https:\/\/fuer-esslingen.de\/wp-content\/uploads\/2022\/12\/202205102322331_1522.jpg 1049w, https:\/\/fuer-esslingen.de\/wp-content\/uploads\/2022\/12\/202205102322331_1522-300x186.jpg 300w, https:\/\/fuer-esslingen.de\/wp-content\/uploads\/2022\/12\/202205102322331_1522-768x477.jpg 768w\" sizes=\"auto, (max-width: 1049px) 100vw, 1049px\" \/><figcaption class=\"wp-element-caption\">F\u00dcR Gemeinder\u00e4tinnen &#8211; Sigrid Cremer und Dilek Toy &#8211; unbestechlich sozial und \u00f6kologisch<\/figcaption><\/figure>\n\n\n\n<p>Zwiebel Artikel 47-2022<\/p>\n\n\n\n<p class=\"has-white-background-color has-background\">F\u00dcR Esslingen&nbsp;steht dieser Art von Haushaltskonsolidierung sehr kritisch gegen\u00fcber. Statt K\u00fcrzungen fordern wir eine Gemeindefinanzreform mit&nbsp;ausreichenden&nbsp;Mitteln f\u00fcr die&nbsp;Kommunen.&nbsp;<\/p>\n\n\n\n<p class=\"has-white-background-color has-background\">Einzelne Einsparvorschl\u00e4ge k\u00f6nnen wir mittragen, wie&nbsp;die Streichung der Amtsleiterstelle im Amt 10, die Einsparung pers\u00f6nlicher Geschenke und die Streichung der F\u00f6rderung der Miete des Neckarforums f\u00fcr die Hochschule Esslingen. W\u00fcrde der&nbsp;Standort Flandernstra\u00dfe nicht abgerissen, k\u00f6nnte man dort hervorragend die gro\u00dfen R\u00e4umlichkeiten nutzen. Bedanken wollen wir uns bei \u00c4mtern der Stadtverwaltung, die ihre Bereitschaft erkl\u00e4rten, Aufgaben aus der Fremdvergabe herauszunehmen und intern zu bearbeiten.<\/p>\n\n\n\n<p class=\"has-white-background-color has-background\">Wir sind allerdings nicht bereit, irgendeine Streichung im sozialen Bereich mitzutragen: wir lehnen strikt die Erh\u00f6hung der KITA Geb\u00fchren ab sowie die Reduzierung der Mittel f\u00fcr die Wohlfahrtspflege. Im Gegenteil sind wir der Meinung, dass die Stadt die Tafel&nbsp;unterst\u00fctzen muss. Auch die Mittel f\u00fcr das 3\u20ac-Ticket d\u00fcrfen nicht wegfallen!&nbsp;V\u00f6llig inakzeptabel ist die Verschiebung der&nbsp;Bibliothekserweiterung gegen den erkl\u00e4rten Willen der Mehrheit der Bev\u00f6lkerung.&nbsp;Die Reduzierung der Zusch\u00fcsse f\u00fcr das Kino auf der Burg und den Frauenwochen ist eine Ohrfeige f\u00fcr alle, die sich unentgeltlich f\u00fcr das soziale Leben in der Stadt einsetzen.&nbsp;Was an Ihrer Vorlage jedoch tief zu denken gibt, ist dass Sie in keiner Weise die Wohlhabenden der Stadt verst\u00e4rkt zur Kasse beten. Weder eine Anhebung der Gewerbesteuer f\u00fcr die gro\u00dfen Betriebe&nbsp;ist geplant, noch eine Erh\u00f6hung der Grundsteuer f\u00fcr die Besitzer&nbsp;mehrerer Wohneinheiten. Wir fordern&nbsp;die hier vertretenen Parteien auf, ihre Bundestagsmandate zu nutzen, die Abw\u00e4lzung der Grundsteuer auf die Mieter abzuschaffen.&nbsp;<\/p>\n\n\n\n<p class=\"has-white-background-color has-background\">In Zeiten der Not k\u00f6nnten diese Herrschaften ihre Bereitschaft zeigen nach den&nbsp;Worten des Grundgesetzes Art 14 zu handeln: &#8222;Eigentum verpflichtet. Sein Gebrauch soll zugleich dem Wohle der Allgemeinheit dienen.&#8220;<\/p>\n\n\n\n<p class=\"has-white-background-color has-background\">F\u00dcR Gemeinder\u00e4tinnen &#8211; Sigrid Cremer und Dilek Toy &#8211; unbestechlich sozial und \u00f6kologisch<\/p>\n","protected":false},"excerpt":{"rendered":"<p>Zwiebel Artikel 47-2022 F\u00dcR Esslingen&nbsp;steht dieser Art von Haushaltskonsolidierung sehr kritisch gegen\u00fcber. Statt K\u00fcrzungen fordern wir eine Gemeindefinanzreform mit&nbsp;ausreichenden&nbsp;Mitteln f\u00fcr die&nbsp;Kommunen.&nbsp; Einzelne Einsparvorschl\u00e4ge k\u00f6nnen wir mittragen, wie&nbsp;die Streichung der Amtsleiterstelle im Amt 10, die Einsparung pers\u00f6nlicher Geschenke und die Streichung der F\u00f6rderung der Miete des Neckarforums f\u00fcr die Hochschule Esslingen. W\u00fcrde der&nbsp;Standort Flandernstra\u00dfe nicht abgerissen, &hellip; <a href=\"https:\/\/fuer-esslingen.de\/?p=2936\" class=\"more-link\"><span class=\"screen-reader-text\">Kritik am Streichkonzert &#8211; Rede im Gemeinderat<\/span> weiterlesen <span class=\"meta-nav\">&rarr;<\/span><\/a><\/p>\n","protected":false},"author":1,"featured_media":0,"comment_status":"closed","ping_status":"closed","sticky":false,"template":"","format":"standard","meta":{"footnotes":""},"categories":[11,24],"tags":[],"class_list":["post-2936","post","type-post","status-publish","format-standard","hentry","category-haushalt","category-reden-im-gemeinderat"],"_links":{"self":[{"href":"https:\/\/fuer-esslingen.de\/index.php?rest_route=\/wp\/v2\/posts\/2936","targetHints":{"allow":["GET"]}}],"collection":[{"href":"https:\/\/fuer-esslingen.de\/index.php?rest_route=\/wp\/v2\/posts"}],"about":[{"href":"https:\/\/fuer-esslingen.de\/index.php?rest_route=\/wp\/v2\/types\/post"}],"author":[{"embeddable":true,"href":"https:\/\/fuer-esslingen.de\/index.php?rest_route=\/wp\/v2\/users\/1"}],"replies":[{"embeddable":true,"href":"https:\/\/fuer-esslingen.de\/index.php?rest_route=%2Fwp%2Fv2%2Fcomments&post=2936"}],"version-history":[{"count":2,"href":"https:\/\/fuer-esslingen.de\/index.php?rest_route=\/wp\/v2\/posts\/2936\/revisions"}],"predecessor-version":[{"id":3116,"href":"https:\/\/fuer-esslingen.de\/index.php?rest_route=\/wp\/v2\/posts\/2936\/revisions\/3116"}],"wp:attachment":[{"href":"https:\/\/fuer-esslingen.de\/index.php?rest_route=%2Fwp%2Fv2%2Fmedia&parent=2936"}],"wp:term":[{"taxonomy":"category","embeddable":true,"href":"https:\/\/fuer-esslingen.de\/index.php?rest_route=%2Fwp%2Fv2%2Fcategories&post=2936"},{"taxonomy":"post_tag","embeddable":true,"href":"https:\/\/fuer-esslingen.de\/index.php?rest_route=%2Fwp%2Fv2%2Ftags&post=2936"}],"curies":[{"name":"wp","href":"https:\/\/api.w.org\/{rel}","templated":true}]}}