{"id":2954,"date":"2023-01-05T16:05:26","date_gmt":"2023-01-05T14:05:26","guid":{"rendered":"https:\/\/fuer-esslingen.de\/?p=2954"},"modified":"2023-09-14T14:22:39","modified_gmt":"2023-09-14T12:22:39","slug":"ein-gutes-neues-jahr-und-frieden-den-voelkern","status":"publish","type":"post","link":"https:\/\/fuer-esslingen.de\/?p=2954","title":{"rendered":"Ein GUTES NEUES JAHR und FRIEDEN den V\u00f6lkern"},"content":{"rendered":"\n<figure class=\"wp-block-image size-full\"><img loading=\"lazy\" decoding=\"async\" width=\"1269\" height=\"868\" src=\"https:\/\/fuer-esslingen.de\/wp-content\/uploads\/2023\/01\/202212271057561_1522.jpg\" alt=\"\" class=\"wp-image-2955\" srcset=\"https:\/\/fuer-esslingen.de\/wp-content\/uploads\/2023\/01\/202212271057561_1522.jpg 1269w, https:\/\/fuer-esslingen.de\/wp-content\/uploads\/2023\/01\/202212271057561_1522-300x205.jpg 300w, https:\/\/fuer-esslingen.de\/wp-content\/uploads\/2023\/01\/202212271057561_1522-768x525.jpg 768w\" sizes=\"auto, (max-width: 1269px) 100vw, 1269px\" \/><figcaption class=\"wp-element-caption\">&#8222;Wir m\u00fcssen die Erde retten. Und die Autos sollen nicht mehr fahren! Krieg stoppen! Alle mithelfen!&#8220; (Bild von Postkarte eines Kindes)<\/figcaption><\/figure>\n\n\n\n<p class=\"has-white-background-color has-background\">auf der ganzen Welt w\u00fcnscht das Kommunalb\u00fcndnis F\u00dcR ESSLINGEN mit den beiden Gemeinder\u00e4tinnen Sigrid Cremer und Dilek Toy allen EsslingerInnen und Esslingern. Ein Jahr geht zu Ende, in dem die sich zuspitzenden Krisen dieser Welt schamlos auf den R\u00fccken der \u00fcberwiegenden Mehrheit der Bev\u00f6lkerung abgew\u00e4lzt wurden. Das Gesundheits- und Pflegesystem steht vor dem Kollaps. Unter dem MOTTO der &#8222;Solidarit\u00e4t&#8220; wurden Waffenlieferungen in Milliardenh\u00f6he an die Ukraine zugestimmt. Milliardenprofite machen die Mineral\u00f6lkonzerne mit der scheinbaren Verknappung von Gas und Erd\u00f6l trotz gef\u00fcllter Speicher. 43 Jahre lie\u00dfen die Regierenden ohne ernsthafte und&nbsp; wirksame perspektivische Ma\u00dfnahmen seit der ersten Weltklimakonferenz 1979 verstreichen. Die M\u00e4chtigen dieser Welt sind noch immer nicht in der Lage, der Menschheit ein Leben in Wohlstand und W\u00fcrde zu garantieren. Fortschrittlich, \u00dcberparteilich, Rege ist das Markenzeichen unseres kommunalen Zusammenschlusses. Wir sehen uns in der Verantwortung gemeinsam, solidarisch, helfend und k\u00e4mpferisch f\u00fcr die Interessen der \u00fcberwiegenden Mehrheit der Bev\u00f6lkerung aktiv zu sein und sie im Gemeinderat einzubringen. Am Samstag, den 28. Januar findet unsere \u00f6ffentliche Jahreshauptversammlung statt. Eine gute Gelegenheit uns kennenzulernen, Mitglied zu werden und aktiv zu werden.<\/p>\n\n\n\n<p class=\"has-white-background-color has-background\">Die Postkarte ist die, eines Kindes, das es am Esslinger Umwelttag und Klimafest an unserem Infostand gemalt hat. Sie spricht uns aus dem Herzen. Wir teilen seine W\u00fcnsche und engagieren uns auch im kommenden Jahr konsequent f\u00fcr die Umsetzung dieser Ziele.<\/p>\n\n\n\n<p>Artikel in der Zwiebel 52-2022<\/p>\n","protected":false},"excerpt":{"rendered":"<p>auf der ganzen Welt w\u00fcnscht das Kommunalb\u00fcndnis F\u00dcR ESSLINGEN mit den beiden Gemeinder\u00e4tinnen Sigrid Cremer und Dilek Toy allen EsslingerInnen und Esslingern. Ein Jahr geht zu Ende, in dem die sich zuspitzenden Krisen dieser Welt schamlos auf den R\u00fccken der \u00fcberwiegenden Mehrheit der Bev\u00f6lkerung abgew\u00e4lzt wurden. Das Gesundheits- und Pflegesystem steht vor dem Kollaps. Unter &hellip; <a href=\"https:\/\/fuer-esslingen.de\/?p=2954\" class=\"more-link\"><span class=\"screen-reader-text\">Ein GUTES NEUES JAHR und FRIEDEN den V\u00f6lkern<\/span> weiterlesen <span class=\"meta-nav\">&rarr;<\/span><\/a><\/p>\n","protected":false},"author":1,"featured_media":0,"comment_status":"closed","ping_status":"closed","sticky":false,"template":"","format":"standard","meta":{"footnotes":""},"categories":[19],"tags":[],"class_list":["post-2954","post","type-post","status-publish","format-standard","hentry","category-konzert"],"_links":{"self":[{"href":"https:\/\/fuer-esslingen.de\/index.php?rest_route=\/wp\/v2\/posts\/2954","targetHints":{"allow":["GET"]}}],"collection":[{"href":"https:\/\/fuer-esslingen.de\/index.php?rest_route=\/wp\/v2\/posts"}],"about":[{"href":"https:\/\/fuer-esslingen.de\/index.php?rest_route=\/wp\/v2\/types\/post"}],"author":[{"embeddable":true,"href":"https:\/\/fuer-esslingen.de\/index.php?rest_route=\/wp\/v2\/users\/1"}],"replies":[{"embeddable":true,"href":"https:\/\/fuer-esslingen.de\/index.php?rest_route=%2Fwp%2Fv2%2Fcomments&post=2954"}],"version-history":[{"count":2,"href":"https:\/\/fuer-esslingen.de\/index.php?rest_route=\/wp\/v2\/posts\/2954\/revisions"}],"predecessor-version":[{"id":2957,"href":"https:\/\/fuer-esslingen.de\/index.php?rest_route=\/wp\/v2\/posts\/2954\/revisions\/2957"}],"wp:attachment":[{"href":"https:\/\/fuer-esslingen.de\/index.php?rest_route=%2Fwp%2Fv2%2Fmedia&parent=2954"}],"wp:term":[{"taxonomy":"category","embeddable":true,"href":"https:\/\/fuer-esslingen.de\/index.php?rest_route=%2Fwp%2Fv2%2Fcategories&post=2954"},{"taxonomy":"post_tag","embeddable":true,"href":"https:\/\/fuer-esslingen.de\/index.php?rest_route=%2Fwp%2Fv2%2Ftags&post=2954"}],"curies":[{"name":"wp","href":"https:\/\/api.w.org\/{rel}","templated":true}]}}