{"id":3016,"date":"2023-03-10T14:27:45","date_gmt":"2023-03-10T12:27:45","guid":{"rendered":"https:\/\/fuer-esslingen.de\/?p=3016"},"modified":"2023-05-16T17:11:47","modified_gmt":"2023-05-16T15:11:47","slug":"protestkundgebung-bolzplatz-traifelbergstrasse","status":"publish","type":"post","link":"https:\/\/fuer-esslingen.de\/?p=3016","title":{"rendered":"Protestkundgebung Bolzplatz Traifelbergstra\u00dfe"},"content":{"rendered":"\n<p>Keine Bebauung des Bolzplatz Traifelbergstra\u00dfe! Kinder brauchen Platz f\u00fcr Sport und Bewegung, zum spielen und toben!<br>Bildautor: eigene Aufnahme<\/p>\n\n\n\n<p>Zwiebel Artikel Kalenderwoche 9-2023<\/p>\n\n\n\n<p class=\"has-white-background-color has-background\">F\u00dcR Esslingen ruft auf zu einer Protestkundgebung gegen die geplante drastische Behinderung der Arbeit des Jugendhauses t1 und gegen die Bebauung des Bolzplatz Traifelbergstra\u00dfe. Und zwar am Samstag den 4.3. ab 10 Uhr 30 auf dem Zollernplatz. \u00a0Am offenen Mikrofon sollen auch die Betroffenen, die Anwohner die Jugendlichen selbst zu Wort kommen.<\/p>\n\n\n\n<p class=\"has-white-background-color has-background\">F\u00dcR Esslingen unterst\u00fctzt die laufende Unterschriftensammlung Punkt f\u00fcr Punkt und fordert, dass die geplanten Einschr\u00e4nkungen f\u00fcr den Betrieb des Jugendhauses sofort zur\u00fcckgenommen werden. Au\u00dferdem lehnt F\u00dcR Esslingen die Bebauung des Bolzplatzes insgesamt ab, weil die Gr\u00fcnfl\u00e4che als Kaltluftentstehungsgebiet und CO2 Senke wichtig f\u00fcr den&nbsp;Stadtteil ist. Vor allem:&nbsp;Unsere Kinder brauchen solche&nbsp;mitten im Wohngebiet gelegenen Gr\u00fcnfl\u00e4chen f\u00fcr Bewegung Sport und Spiel, wo sie nach Herzenslust spielen und toben k\u00f6nnen.<\/p>\n\n\n\n<p class=\"has-white-background-color has-background\">Von der Stadt wird behauptet auf dem Gel\u00e4nde entst\u00fcnden 45 Wohnungen \u2013 \u201egr\u00f6\u00dftenteils als sozialer&nbsp;Wohnungsbau\u201c. Das ist eine Irref\u00fchrung der \u00d6ffentlichkeit. Denn das&nbsp;Wohnraumversorgungskonzept, das zur Anwendung kommen soll, legt keine Mindesth\u00f6he f\u00fcr die Mieten fest, sondern nur relative hohe Einkommensgrenzen f\u00fcr Bezugsberechtigte. Geringverdiener, Rentner oder Fl\u00fcchtlinge werden sich die vom Investor festgelegten Mieten von 12, 14 oder 16 \u20ac pro qm nicht leisten k\u00f6nnen. Von bezahlbarem Wohnraum kann also keine Rede sein. Auf dem Tobias Mayer Areal, auf dem N\u00fcrk Areal, auf dem Roser- und Hahn Areal \u2013 \u00fcberall k\u00f6nnten g\u00fcnstige Sozialwohnungen gebaut werden ohne bestehende Gr\u00fcnfl\u00e4chen zu zerst\u00f6ren aber wirkliche Sozialwohnungen sind auf diesen Fl\u00e4chen bisher nicht geplant\u2026<\/p>\n\n\n\n<p class=\"has-white-background-color has-background\">Deshalb: Schluss mit der &nbsp;&nbsp;Menschen- Jugend- und Umweltfeindlichen Baupolitik im Interesse der Immobilienwirtschaft! F\u00fcr den Erhalt der Sport-, Spiel- und Bolzpl\u00e4tze und der wenigen Gr\u00fcnfl\u00e4chen in der Stadt! Unterst\u00fctzt das Personenwahlb\u00fcndnis F\u00dcR Esslingen &nbsp;<\/p>\n","protected":false},"excerpt":{"rendered":"<p>Keine Bebauung des Bolzplatz Traifelbergstra\u00dfe! Kinder brauchen Platz f\u00fcr Sport und Bewegung, zum spielen und toben!Bildautor: eigene Aufnahme Zwiebel Artikel Kalenderwoche 9-2023 F\u00dcR Esslingen ruft auf zu einer Protestkundgebung gegen die geplante drastische Behinderung der Arbeit des Jugendhauses t1 und gegen die Bebauung des Bolzplatz Traifelbergstra\u00dfe. Und zwar am Samstag den 4.3. ab 10 Uhr &hellip; <a href=\"https:\/\/fuer-esslingen.de\/?p=3016\" class=\"more-link\"><span class=\"screen-reader-text\">Protestkundgebung Bolzplatz Traifelbergstra\u00dfe<\/span> weiterlesen <span class=\"meta-nav\">&rarr;<\/span><\/a><\/p>\n","protected":false},"author":1,"featured_media":3017,"comment_status":"closed","ping_status":"closed","sticky":false,"template":"","format":"standard","meta":{"footnotes":""},"categories":[2],"tags":[],"class_list":["post-3016","post","type-post","status-publish","format-standard","has-post-thumbnail","hentry","category-aktuell"],"_links":{"self":[{"href":"https:\/\/fuer-esslingen.de\/index.php?rest_route=\/wp\/v2\/posts\/3016","targetHints":{"allow":["GET"]}}],"collection":[{"href":"https:\/\/fuer-esslingen.de\/index.php?rest_route=\/wp\/v2\/posts"}],"about":[{"href":"https:\/\/fuer-esslingen.de\/index.php?rest_route=\/wp\/v2\/types\/post"}],"author":[{"embeddable":true,"href":"https:\/\/fuer-esslingen.de\/index.php?rest_route=\/wp\/v2\/users\/1"}],"replies":[{"embeddable":true,"href":"https:\/\/fuer-esslingen.de\/index.php?rest_route=%2Fwp%2Fv2%2Fcomments&post=3016"}],"version-history":[{"count":4,"href":"https:\/\/fuer-esslingen.de\/index.php?rest_route=\/wp\/v2\/posts\/3016\/revisions"}],"predecessor-version":[{"id":3043,"href":"https:\/\/fuer-esslingen.de\/index.php?rest_route=\/wp\/v2\/posts\/3016\/revisions\/3043"}],"wp:featuredmedia":[{"embeddable":true,"href":"https:\/\/fuer-esslingen.de\/index.php?rest_route=\/wp\/v2\/media\/3017"}],"wp:attachment":[{"href":"https:\/\/fuer-esslingen.de\/index.php?rest_route=%2Fwp%2Fv2%2Fmedia&parent=3016"}],"wp:term":[{"taxonomy":"category","embeddable":true,"href":"https:\/\/fuer-esslingen.de\/index.php?rest_route=%2Fwp%2Fv2%2Fcategories&post=3016"},{"taxonomy":"post_tag","embeddable":true,"href":"https:\/\/fuer-esslingen.de\/index.php?rest_route=%2Fwp%2Fv2%2Ftags&post=3016"}],"curies":[{"name":"wp","href":"https:\/\/api.w.org\/{rel}","templated":true}]}}