{"id":3205,"date":"2023-11-24T13:15:35","date_gmt":"2023-11-24T11:15:35","guid":{"rendered":"https:\/\/fuer-esslingen.de\/?p=3205"},"modified":"2023-11-24T15:40:55","modified_gmt":"2023-11-24T13:40:55","slug":"20-jahre-fuer-wir-laden-ein","status":"publish","type":"post","link":"https:\/\/fuer-esslingen.de\/?p=3205","title":{"rendered":"20 JAHRE F\u00dcR &#8211; Wir laden ein!"},"content":{"rendered":"\n<figure class=\"wp-block-image size-full\"><img loading=\"lazy\" decoding=\"async\" width=\"1382\" height=\"846\" src=\"https:\/\/fuer-esslingen.de\/wp-content\/uploads\/2023\/11\/202309262217331_1522.jpg\" alt=\"\" class=\"wp-image-3206\" srcset=\"https:\/\/fuer-esslingen.de\/wp-content\/uploads\/2023\/11\/202309262217331_1522.jpg 1382w, https:\/\/fuer-esslingen.de\/wp-content\/uploads\/2023\/11\/202309262217331_1522-300x184.jpg 300w, https:\/\/fuer-esslingen.de\/wp-content\/uploads\/2023\/11\/202309262217331_1522-768x470.jpg 768w\" sizes=\"auto, (max-width: 1382px) 100vw, 1382px\" \/><\/figure>\n\n\n\n<p>Zwiebelartikel Kalenderwoche 39-2023<\/p>\n\n\n\n<p class=\"has-white-background-color has-background\">Liebe B\u00fcrgerinnen und B\u00fcrger der Stadt Esslingen, liebe Mitglieder, Freundinnen und Freunde und&nbsp; Interessierte.&nbsp;Das Kommunalwahlb\u00fcndnis F\u00dcR Esslingen wurde am 28.10.2003 gegr\u00fcndet und ist seitdem ein fester Bestandteil der Esslinger Kommunalpolitik. 20 Jahre F\u00dcR ESSLINGEN &#8220; Fortschrittlich &#8211;&nbsp;\u00dcberparteilich &#8211; Rege&#8220;&nbsp;&nbsp;ist seither unser Markenzeichen.<\/p>\n\n\n\n<p class=\"has-white-background-color has-background\">Viele Einwohner*innen Esslingens haben den Aufbau unterst\u00fctzt und mitgetragen,&nbsp;auf unseren Kommunalwahllisten kandidiert, uns gew\u00e4hlt und sich an der kommunalpolitischen Arbeit beteiligt. Wir haben uns an vielen Protesten beteiligt: Sei es im Kampf um den Erhalt unserer nat\u00fcrlichen Umwelt wie den Frischluftschneisen im Greut und auf dem Zollberg, Ackerfl\u00e4chen, Sport-, Spiel- und Bolzpl\u00e4tzen wie dem VfL Post in der Pliensauvorstadt oder aktuell dem an der Traifelbergstra\u00dfe auf dem Zollberg. Wir haben die Vergiftung durch die Alugie\u00dferei in Mettingen aufgedeckt und eine breit besuchte Einwohnerversammlung organisiert. Wir haben mitgeholfen, die PCB Verseuchung von Schulgeb\u00e4uden in Esslingen zum Thema zu machen. Die Montagsdemo gegen die Hartz IV &#8211; Gesetze ins Leben gerufen und die Sparpolitik auf dem R\u00fccken der \u00e4rmsten der Bev\u00f6lkerung angeprangert.<\/p>\n\n\n\n<p class=\"has-white-background-color has-background\">Viele Themen der Esslinger Kommunalpolitik wurden von unserem B\u00fcndnis seit vielen Jahren ins Licht der \u00d6ffentlichkeit ger\u00fcckt, wie die Forderung nach einem kostenlosen \u00f6ffentlichen Nahverkehr, nach dem Aufbau eines sozialen st\u00e4dtischen Wohnungspools, nach kostenloser Kinderbetreuung&#8230;&nbsp;<\/p>\n\n\n\n<p class=\"has-white-background-color has-background\">20 JAHRE F\u00dcR &#8211; Das wollen wir gemeinsam feiern und&nbsp;uns bei Ihnen\/Euch bedanken.<\/p>\n\n\n\n<p class=\"has-white-background-color has-background\">Am 28. Oktober 2023 um 18 Uhr im Salemer Pfleghof, Untere Beutau 8-10 erwartet uns ein Sektempfang mit den beiden Gemeinder\u00e4tinnen, ein Streifzug durch die kommunalpolitische Geschichte von F\u00dcR Esslingen.<\/p>\n\n\n\n<p class=\"has-white-background-color has-background\">Wir laden herzlich ein, dieses Jubil\u00e4um mit uns zu feiern.<\/p>\n\n\n\n<p class=\"has-white-background-color has-background\">Mitglieder und Vorstand von F\u00dcR Esslingen<\/p>\n","protected":false},"excerpt":{"rendered":"<p>Zwiebelartikel Kalenderwoche 39-2023 Liebe B\u00fcrgerinnen und B\u00fcrger der Stadt Esslingen, liebe Mitglieder, Freundinnen und Freunde und&nbsp; Interessierte.&nbsp;Das Kommunalwahlb\u00fcndnis F\u00dcR Esslingen wurde am 28.10.2003 gegr\u00fcndet und ist seitdem ein fester Bestandteil der Esslinger Kommunalpolitik. 20 Jahre F\u00dcR ESSLINGEN &#8220; Fortschrittlich &#8211;&nbsp;\u00dcberparteilich &#8211; Rege&#8220;&nbsp;&nbsp;ist seither unser Markenzeichen. Viele Einwohner*innen Esslingens haben den Aufbau unterst\u00fctzt und mitgetragen,&nbsp;auf unseren &hellip; <a href=\"https:\/\/fuer-esslingen.de\/?p=3205\" class=\"more-link\"><span class=\"screen-reader-text\">20 JAHRE F\u00dcR &#8211; Wir laden ein!<\/span> weiterlesen <span class=\"meta-nav\">&rarr;<\/span><\/a><\/p>\n","protected":false},"author":1,"featured_media":0,"comment_status":"closed","ping_status":"closed","sticky":false,"template":"","format":"standard","meta":{"footnotes":""},"categories":[19],"tags":[],"class_list":["post-3205","post","type-post","status-publish","format-standard","hentry","category-konzert"],"_links":{"self":[{"href":"https:\/\/fuer-esslingen.de\/index.php?rest_route=\/wp\/v2\/posts\/3205","targetHints":{"allow":["GET"]}}],"collection":[{"href":"https:\/\/fuer-esslingen.de\/index.php?rest_route=\/wp\/v2\/posts"}],"about":[{"href":"https:\/\/fuer-esslingen.de\/index.php?rest_route=\/wp\/v2\/types\/post"}],"author":[{"embeddable":true,"href":"https:\/\/fuer-esslingen.de\/index.php?rest_route=\/wp\/v2\/users\/1"}],"replies":[{"embeddable":true,"href":"https:\/\/fuer-esslingen.de\/index.php?rest_route=%2Fwp%2Fv2%2Fcomments&post=3205"}],"version-history":[{"count":1,"href":"https:\/\/fuer-esslingen.de\/index.php?rest_route=\/wp\/v2\/posts\/3205\/revisions"}],"predecessor-version":[{"id":3207,"href":"https:\/\/fuer-esslingen.de\/index.php?rest_route=\/wp\/v2\/posts\/3205\/revisions\/3207"}],"wp:attachment":[{"href":"https:\/\/fuer-esslingen.de\/index.php?rest_route=%2Fwp%2Fv2%2Fmedia&parent=3205"}],"wp:term":[{"taxonomy":"category","embeddable":true,"href":"https:\/\/fuer-esslingen.de\/index.php?rest_route=%2Fwp%2Fv2%2Fcategories&post=3205"},{"taxonomy":"post_tag","embeddable":true,"href":"https:\/\/fuer-esslingen.de\/index.php?rest_route=%2Fwp%2Fv2%2Ftags&post=3205"}],"curies":[{"name":"wp","href":"https:\/\/api.w.org\/{rel}","templated":true}]}}