{"id":3208,"date":"2023-11-24T13:19:26","date_gmt":"2023-11-24T11:19:26","guid":{"rendered":"https:\/\/fuer-esslingen.de\/?p=3208"},"modified":"2023-11-24T15:36:09","modified_gmt":"2023-11-24T13:36:09","slug":"buergerentscheid-respektieren-und-umsetzen","status":"publish","type":"post","link":"https:\/\/fuer-esslingen.de\/?p=3208","title":{"rendered":"B\u00fcrgerentscheid respektieren und umsetzen!"},"content":{"rendered":"\n<figure class=\"wp-block-image size-large\"><img loading=\"lazy\" decoding=\"async\" width=\"2000\" height=\"1124\" src=\"https:\/\/fuer-esslingen.de\/wp-content\/uploads\/2023\/11\/202310171905361_1522-2000x1124.jpg\" alt=\"\" class=\"wp-image-3209\" srcset=\"https:\/\/fuer-esslingen.de\/wp-content\/uploads\/2023\/11\/202310171905361_1522-2000x1124.jpg 2000w, https:\/\/fuer-esslingen.de\/wp-content\/uploads\/2023\/11\/202310171905361_1522-300x169.jpg 300w, https:\/\/fuer-esslingen.de\/wp-content\/uploads\/2023\/11\/202310171905361_1522-768x432.jpg 768w, https:\/\/fuer-esslingen.de\/wp-content\/uploads\/2023\/11\/202310171905361_1522-1536x863.jpg 1536w, https:\/\/fuer-esslingen.de\/wp-content\/uploads\/2023\/11\/202310171905361_1522-2048x1151.jpg 2048w\" sizes=\"auto, (max-width: 2000px) 100vw, 2000px\" \/><\/figure>\n\n\n\n<p>B\u00fcchereistandort mit Atmosph\u00e4re modernisieren und ausbauen <\/p>\n\n\n\n<p>Zwiebel Artikel Kalenderwoche 42-2023<\/p>\n\n\n\n<p class=\"has-white-background-color has-background\">Vor kurzem kam von Oberb\u00fcrgermeister Klopfer der Vorschlag die Stadtb\u00fccherei ins K\u00f6gelkaufhaus und die Volkshochschule ins Karstadtgeb\u00e4ude zu verlegen<\/p>\n\n\n\n<p class=\"has-white-background-color has-background\">Wir von F\u00dcR Esslingen halten das \u2013 nach allem was bisher bekannt ist &#8211; f\u00fcr den Versuch vor allem den erfolgreichen B\u00fcrgerentscheid zum Verbleib der B\u00fccherei im Pfleghof endg\u00fcltig vom Tisch zu wischen. &nbsp;Ungef\u00e4hr 15.000 B\u00fcrger:innen (78%) sprachen sich &nbsp;&nbsp;f\u00fcr eine Modernisierung und Erweiterung am bestehenden Standort aus. F\u00dcR Esslingen hat im Gegensatz zu allen anderen im Gemeinderat vertretenen Gruppen die ganze Zeit konsequent den B\u00fcrgerentscheid verteidigt. &nbsp;Als ersten Schritt haben wir aktuell die l\u00e4ngst \u00fcberf\u00e4llige Renovierung der Heugasse 11 beantragt. &nbsp;Dieser Antrag wird vom B\u00fcrgermeister zur\u00fcckgehalten, obwohl er mit einem sinnvollen Finanzierungsvorschlag verbunden war, n\u00e4mlich aus dem Rekord\u00fcberschuss der Gewerbesteuer. Gleichzeitig verliert der B\u00fcrgermeister kein Wort \u00fcber die Finanzierung seines Vorschlags. B\u00fccherei und Heulgasse 11 sind ja im Besitz der Stadt, w\u00e4hrend sowohl das K\u00f6gelgeb\u00e4ude als auch das Karstadt Geb\u00e4ude f\u00fcr teures Geld aufgekauft werden m\u00fcsste. Dazu kommt der aufwendige Umbau beider Geb\u00e4ude. Pl\u00f6tzlich ist also massenweise Geld da, das aber den \u00f6rtlichen und \u00fcber\u00f6rtlichen Unternehmen K\u00f6gel und BPI zugeschoben werden soll, statt es f\u00fcr die Renovierung und Modernisierung der wundersch\u00f6nen mittelalterlichen Geb\u00e4ude zu verwenden.<\/p>\n\n\n\n<p class=\"has-white-background-color has-background\">Auch zur Vernichtung der Arbeitspl\u00e4tze bei Karstadt und K\u00f6gel h\u00f6rt man vom B\u00fcrgermeister kein Wort. Im Gegenteil, die Vernichtung von mehreren hundert Arbeitspl\u00e4tzen w\u00fcrde durch den Kauf auch noch vergoldet.<\/p>\n\n\n\n<p class=\"has-white-background-color has-background\">Oder sollen die Fl\u00e4chen etwa &nbsp;nur angemietet werden? Dann tr\u00e4gt die Stadt s\u00e4mtliche Kosten und der Investor streicht Monat f\u00fcr Monat die Mieten ein.<\/p>\n\n\n\n<p class=\"has-white-background-color has-background\">Die F\u00dcR Mitgliederversammlung fordert deshalb eindeutig: B\u00fcrgerentscheid respektieren und umsetzen!<\/p>\n","protected":false},"excerpt":{"rendered":"<p>B\u00fcchereistandort mit Atmosph\u00e4re modernisieren und ausbauen Zwiebel Artikel Kalenderwoche 42-2023 Vor kurzem kam von Oberb\u00fcrgermeister Klopfer der Vorschlag die Stadtb\u00fccherei ins K\u00f6gelkaufhaus und die Volkshochschule ins Karstadtgeb\u00e4ude zu verlegen Wir von F\u00dcR Esslingen halten das \u2013 nach allem was bisher bekannt ist &#8211; f\u00fcr den Versuch vor allem den erfolgreichen B\u00fcrgerentscheid zum Verbleib der B\u00fccherei &hellip; <a href=\"https:\/\/fuer-esslingen.de\/?p=3208\" class=\"more-link\"><span class=\"screen-reader-text\">B\u00fcrgerentscheid respektieren und umsetzen!<\/span> weiterlesen <span class=\"meta-nav\">&rarr;<\/span><\/a><\/p>\n","protected":false},"author":1,"featured_media":0,"comment_status":"closed","ping_status":"closed","sticky":false,"template":"","format":"standard","meta":{"footnotes":""},"categories":[2,45],"tags":[],"class_list":["post-3208","post","type-post","status-publish","format-standard","hentry","category-aktuell","category-stadtmitte"],"_links":{"self":[{"href":"https:\/\/fuer-esslingen.de\/index.php?rest_route=\/wp\/v2\/posts\/3208","targetHints":{"allow":["GET"]}}],"collection":[{"href":"https:\/\/fuer-esslingen.de\/index.php?rest_route=\/wp\/v2\/posts"}],"about":[{"href":"https:\/\/fuer-esslingen.de\/index.php?rest_route=\/wp\/v2\/types\/post"}],"author":[{"embeddable":true,"href":"https:\/\/fuer-esslingen.de\/index.php?rest_route=\/wp\/v2\/users\/1"}],"replies":[{"embeddable":true,"href":"https:\/\/fuer-esslingen.de\/index.php?rest_route=%2Fwp%2Fv2%2Fcomments&post=3208"}],"version-history":[{"count":1,"href":"https:\/\/fuer-esslingen.de\/index.php?rest_route=\/wp\/v2\/posts\/3208\/revisions"}],"predecessor-version":[{"id":3210,"href":"https:\/\/fuer-esslingen.de\/index.php?rest_route=\/wp\/v2\/posts\/3208\/revisions\/3210"}],"wp:attachment":[{"href":"https:\/\/fuer-esslingen.de\/index.php?rest_route=%2Fwp%2Fv2%2Fmedia&parent=3208"}],"wp:term":[{"taxonomy":"category","embeddable":true,"href":"https:\/\/fuer-esslingen.de\/index.php?rest_route=%2Fwp%2Fv2%2Fcategories&post=3208"},{"taxonomy":"post_tag","embeddable":true,"href":"https:\/\/fuer-esslingen.de\/index.php?rest_route=%2Fwp%2Fv2%2Ftags&post=3208"}],"curies":[{"name":"wp","href":"https:\/\/api.w.org\/{rel}","templated":true}]}}