{"id":3272,"date":"2024-03-02T01:22:55","date_gmt":"2024-03-01T23:22:55","guid":{"rendered":"https:\/\/fuer-esslingen.de\/?p=3272"},"modified":"2024-04-26T11:52:03","modified_gmt":"2024-04-26T09:52:03","slug":"ein-paukenschlag","status":"publish","type":"post","link":"https:\/\/fuer-esslingen.de\/?p=3272","title":{"rendered":"Ein Paukenschlag!"},"content":{"rendered":"\n<p>Millionen Menschen stehen auf f\u00fcr ein solidarisches Zusammenleben und Arbeiten &#8211; statt Ausgrenzung, Rassismus, Fremdenfeindlichkeit. Ganz deutlich bezeichneten viele der Redner bei der Kundgebung in Stuttgart diese rechten Ziele als Faschismus.<\/p>\n\n\n\n<p class=\"has-white-background-color has-background\">Am letzten Wochenende demonstrierten mindestens 1,5 Millionen Menschen in \u00fcber hundert St\u00e4dten gegen die AfD und Neonazis, die eine systematische Massenvertreibung von Ausl\u00e4ndern, Gefl\u00fcchteten und Migranten planen. In Stuttgart waren mindestens 50.000 Menschen auf der Stra\u00dfe. Jugendliche, viele Gewerkschafter, Delegationen aus Betrieben, ganze Familien, Intellektuelle, Migrantinnen und Migranten. Auch viele Daimlerarbeiter waren auf dem Schlossplatz. Sie und einer der Hauptredner setzten damit ein Zeichen gegen das rechte, zum Teil neofaschistische&nbsp; &#8222;Zentrum Automobil&#8220;, das sich als angebliche Gewerkschaft inzwischen in viele Betriebe einschleicht und auch im Werk Mettingen versucht unter den Arbeitern Fu\u00df zu fassen, und faschistische Ideologien salonf\u00e4hig zu machen.<\/p>\n\n\n\n<p class=\"has-white-background-color has-background\">Au\u00dferdem: \u00dcber eine Million Menschen haben Petitionen gegen H\u00f6cke und f\u00fcr das Verbot der AfD unterschrieben.&nbsp; F\u00dcR Esslingen steht von Anfang an f\u00fcr die unverbr\u00fcchliche Solidarit\u00e4t mit unseren ausl\u00e4ndischen Kollegen.&nbsp; Wir sagen: Keinen Fu\u00dfbreit den Faschisten, Wehret den Anf\u00e4ngen. Nat\u00fcrlich haben wir im Gemeinderat auch daf\u00fcr gestimmt, dass Esslingen zum sicheren Hafen f\u00fcr Gefl\u00fcchtete erkl\u00e4rt wurde und mit unseren Stimmen dazu beigetragen, dass der gegenteilige Antrag der CDU im Gemeinderat abgeschmettert wurde.<\/p>\n\n\n\n<p class=\"has-white-background-color has-background\">F\u00dcR Solidarit\u00e4t statt Ausgrenzung \u2013 Kein Mensch ist illegal.&nbsp; Stand bereits auf einem unserer Wahlplakate im Jahr 2019. Super, dass die SPD die Initiative ergriffen hat auch in Esslingen eine breite Aktionseinheit zu bilden. F\u00dcR Esslingen ist dabei! Wir rufen alle dazu auf, sich an der Kundgebung am Sonntag, den 28. 2. um 15 Uhr auf dem Marktplatz zu beteiligen. Gemeinsam sind wir stark! Keinen Fu\u00dfbreit&nbsp;den&nbsp;Faschisten!<\/p>\n","protected":false},"excerpt":{"rendered":"<p>Millionen Menschen stehen auf f\u00fcr ein solidarisches Zusammenleben und Arbeiten &#8211; statt Ausgrenzung, Rassismus, Fremdenfeindlichkeit. Ganz deutlich bezeichneten viele der Redner bei der Kundgebung in Stuttgart diese rechten Ziele als Faschismus. Am letzten Wochenende demonstrierten mindestens 1,5 Millionen Menschen in \u00fcber hundert St\u00e4dten gegen die AfD und Neonazis, die eine systematische Massenvertreibung von Ausl\u00e4ndern, Gefl\u00fcchteten &hellip; <a href=\"https:\/\/fuer-esslingen.de\/?p=3272\" class=\"more-link\"><span class=\"screen-reader-text\">Ein Paukenschlag!<\/span> weiterlesen <span class=\"meta-nav\">&rarr;<\/span><\/a><\/p>\n","protected":false},"author":1,"featured_media":3273,"comment_status":"closed","ping_status":"closed","sticky":false,"template":"","format":"standard","meta":{"footnotes":""},"categories":[19],"tags":[],"class_list":["post-3272","post","type-post","status-publish","format-standard","has-post-thumbnail","hentry","category-konzert"],"_links":{"self":[{"href":"https:\/\/fuer-esslingen.de\/index.php?rest_route=\/wp\/v2\/posts\/3272","targetHints":{"allow":["GET"]}}],"collection":[{"href":"https:\/\/fuer-esslingen.de\/index.php?rest_route=\/wp\/v2\/posts"}],"about":[{"href":"https:\/\/fuer-esslingen.de\/index.php?rest_route=\/wp\/v2\/types\/post"}],"author":[{"embeddable":true,"href":"https:\/\/fuer-esslingen.de\/index.php?rest_route=\/wp\/v2\/users\/1"}],"replies":[{"embeddable":true,"href":"https:\/\/fuer-esslingen.de\/index.php?rest_route=%2Fwp%2Fv2%2Fcomments&post=3272"}],"version-history":[{"count":2,"href":"https:\/\/fuer-esslingen.de\/index.php?rest_route=\/wp\/v2\/posts\/3272\/revisions"}],"predecessor-version":[{"id":3380,"href":"https:\/\/fuer-esslingen.de\/index.php?rest_route=\/wp\/v2\/posts\/3272\/revisions\/3380"}],"wp:featuredmedia":[{"embeddable":true,"href":"https:\/\/fuer-esslingen.de\/index.php?rest_route=\/wp\/v2\/media\/3273"}],"wp:attachment":[{"href":"https:\/\/fuer-esslingen.de\/index.php?rest_route=%2Fwp%2Fv2%2Fmedia&parent=3272"}],"wp:term":[{"taxonomy":"category","embeddable":true,"href":"https:\/\/fuer-esslingen.de\/index.php?rest_route=%2Fwp%2Fv2%2Fcategories&post=3272"},{"taxonomy":"post_tag","embeddable":true,"href":"https:\/\/fuer-esslingen.de\/index.php?rest_route=%2Fwp%2Fv2%2Ftags&post=3272"}],"curies":[{"name":"wp","href":"https:\/\/api.w.org\/{rel}","templated":true}]}}