{"id":3442,"date":"2024-09-29T01:12:02","date_gmt":"2024-09-28T23:12:02","guid":{"rendered":"https:\/\/fuer-esslingen.de\/?p=3442"},"modified":"2024-09-29T01:12:04","modified_gmt":"2024-09-28T23:12:04","slug":"afd-tarnen-taeuschen-spalten","status":"publish","type":"post","link":"https:\/\/fuer-esslingen.de\/?p=3442","title":{"rendered":"AfD: Tarnen, t\u00e4uschen, spalten!"},"content":{"rendered":"\n<p><\/p>\n\n\n\n<p class=\"has-yellow-background-color has-background\">Welche Ziele verfolgt die AfD tats\u00e4chlich? Die selbsternannte Partei der kleinen Leute h\u00e4lt Einzug in die Landtage in Th\u00fcringen und Sachsen und in den Esslinger Gemeinderat. Kleine Leute sucht man vergeblich &#8211; die Mitgliedschaft und F\u00fchrung: ein Mix aus Adligen, Industriellen, Justizangeh\u00f6rigen, aus der Armee usw. Die Sorgen und N\u00f6te der kleinen Leute interessieren die AfD nicht die Bohne.<\/p>\n\n\n\n<p class=\"has-yellow-background-color has-background\">Ihre Bundestagsfraktion hat z.B. so abgestimmt: Begrenzung von Mieterh\u00f6hungen &#8211; dagegen!&nbsp;&nbsp;&nbsp;&nbsp;&nbsp;&nbsp;&nbsp;&nbsp; 5,5 Milliarden f\u00fcr sozialen Wohnungsbau &#8211; abgelehnt! Erh\u00f6hung des Mindestlohns \u2013 abgelehnt! Mindestverg\u00fctung f\u00fcr Azubis \u2013 abgelehnt! Steuerentlastung f\u00fcr Gutverdiener \u2013 zugestimmt! Abschaffung der Erbschaftssteuer \u2013 zugestimmt! Verm\u00f6genssteuer \u2013 dagegen!<\/p>\n\n\n\n<p class=\"has-yellow-background-color has-background\">Globale Umweltkatastrophe kommt in ihrem Vokabular nicht vor. Sie reden wider besseres Wissen von nat\u00fcrlichen Prozessen in der Natur. Die industriellen Hauptverursacher und die internationalen Umweltverbrecher tauchen nicht auf. Stattdessen Appelle an niedrigste Instinkte: freie Fahrt f\u00fcr den Verbrenner, Atomkraft voran und Alice Weidel darf geifern: \u201eIch lasse mir mein Schnitzel nicht vom Teller nehmen!\u201c Die ehemalige Spitzenbankerin wird sich mit Schnitzel nicht zufriedengeben. Ein Hoch auf die abartige Massentierhaltung und die Ruinierung der Kleinbauern durch industrielle Agrarmonopole &#8211; daf\u00fcr ist die AfD. AfD ist auch primitiver Rassismus, Fremdenfeindlichkeit und \u00fcbelste Hetze gegen Gefl\u00fcchtete, also internationale Spaltung. Die Gr\u00fcnde f\u00fcr Flucht, Krieg, Hunger, D\u00fcrre und die Drahtzieher dieser Zust\u00e4nde bleiben au\u00dfen vor. Fazit: Die AfD ist die Partei der Reichen und ihrer \u00fcbelsten Vertreter. Wer AfD w\u00e4hlt &#8211; w\u00e4hlt Faschismus. Die Mehrheit in Esslingen verlangt eine Brandmauer gegen diese Partei im Stadtrat.&nbsp;Entscheidend ist, dass die fortschrittlichen und demokratischen Kr\u00e4fte viel enger zusammenr\u00fccken und der drohenden faschistischen Gefahr entschlossen entgegentreten.<\/p>\n","protected":false},"excerpt":{"rendered":"<p>Welche Ziele verfolgt die AfD tats\u00e4chlich? Die selbsternannte Partei der kleinen Leute h\u00e4lt Einzug in die Landtage in Th\u00fcringen und Sachsen und in den Esslinger Gemeinderat. Kleine Leute sucht man vergeblich &#8211; die Mitgliedschaft und F\u00fchrung: ein Mix aus Adligen, Industriellen, Justizangeh\u00f6rigen, aus der Armee usw. Die Sorgen und N\u00f6te der kleinen Leute interessieren die &hellip; <a href=\"https:\/\/fuer-esslingen.de\/?p=3442\" class=\"more-link\"><span class=\"screen-reader-text\">AfD: Tarnen, t\u00e4uschen, spalten!<\/span> weiterlesen <span class=\"meta-nav\">&rarr;<\/span><\/a><\/p>\n","protected":false},"author":1,"featured_media":3443,"comment_status":"closed","ping_status":"closed","sticky":false,"template":"","format":"standard","meta":{"footnotes":""},"categories":[2],"tags":[],"class_list":["post-3442","post","type-post","status-publish","format-standard","has-post-thumbnail","hentry","category-aktuell"],"_links":{"self":[{"href":"https:\/\/fuer-esslingen.de\/index.php?rest_route=\/wp\/v2\/posts\/3442","targetHints":{"allow":["GET"]}}],"collection":[{"href":"https:\/\/fuer-esslingen.de\/index.php?rest_route=\/wp\/v2\/posts"}],"about":[{"href":"https:\/\/fuer-esslingen.de\/index.php?rest_route=\/wp\/v2\/types\/post"}],"author":[{"embeddable":true,"href":"https:\/\/fuer-esslingen.de\/index.php?rest_route=\/wp\/v2\/users\/1"}],"replies":[{"embeddable":true,"href":"https:\/\/fuer-esslingen.de\/index.php?rest_route=%2Fwp%2Fv2%2Fcomments&post=3442"}],"version-history":[{"count":1,"href":"https:\/\/fuer-esslingen.de\/index.php?rest_route=\/wp\/v2\/posts\/3442\/revisions"}],"predecessor-version":[{"id":3444,"href":"https:\/\/fuer-esslingen.de\/index.php?rest_route=\/wp\/v2\/posts\/3442\/revisions\/3444"}],"wp:featuredmedia":[{"embeddable":true,"href":"https:\/\/fuer-esslingen.de\/index.php?rest_route=\/wp\/v2\/media\/3443"}],"wp:attachment":[{"href":"https:\/\/fuer-esslingen.de\/index.php?rest_route=%2Fwp%2Fv2%2Fmedia&parent=3442"}],"wp:term":[{"taxonomy":"category","embeddable":true,"href":"https:\/\/fuer-esslingen.de\/index.php?rest_route=%2Fwp%2Fv2%2Fcategories&post=3442"},{"taxonomy":"post_tag","embeddable":true,"href":"https:\/\/fuer-esslingen.de\/index.php?rest_route=%2Fwp%2Fv2%2Ftags&post=3442"}],"curies":[{"name":"wp","href":"https:\/\/api.w.org\/{rel}","templated":true}]}}