{"id":3445,"date":"2024-09-29T01:23:46","date_gmt":"2024-09-28T23:23:46","guid":{"rendered":"https:\/\/fuer-esslingen.de\/?p=3445"},"modified":"2024-09-29T01:38:09","modified_gmt":"2024-09-28T23:38:09","slug":"hitzeckeck-rote-karte-fuer-esslinger-betonpolitik","status":"publish","type":"post","link":"https:\/\/fuer-esslingen.de\/?p=3445","title":{"rendered":"Hitzecheck: Rote Karte f\u00fcr Esslinger Betonpolitik"},"content":{"rendered":"\n<p><\/p>\n\n\n\n<p>In einem Hitzecheck von 190 deutschen St\u00e4dten geh\u00f6rt Esslingen zu den St\u00e4dten mit der gr\u00f6\u00dften Fl\u00e4chenversigelung (50,81%) und dem geringsten Gr\u00fcnanteil (3,12%). Der Gr\u00fcnanteil an der Gesamtfl\u00e4che ist noch geringer als in Stuttgart! Deshalb: Rote Karte wegen viel zu viel Beton und viel zu wenig Gr\u00fcn. &nbsp;Aktuell werden in Deutschland T\u00c4GLICH \u00fcber 50 Hektar Fl\u00e4che f\u00fcr Siedlungen und Verkehr versiegelt.&nbsp;In der gemeinsamen Untersuchung von DUH und GKV hei\u00dft es: \u201eIn Zeiten der Klimakrise brauchen unsere St\u00e4dte unversiegelte B\u00f6den zur Versickerung von Wasser und Gr\u00fcnfl\u00e4chen zur K\u00fchlung. Der anhaltende Trend zu mehr Beton und weniger Gr\u00fcn ist alarmierend. Statt zu lebenswerten Orten der Erholung entwickeln sich unsere St\u00e4dte zu Hitze-H\u00f6llen.\u201c&nbsp; Das best\u00e4tigt den von F\u00dcR Esslingen seit Jahren geforderten unbedingt notwendigen Erhalt der wenigen Gr\u00fcnfl\u00e4chen. Dazu geh\u00f6ren nat\u00fcrlich auch die Sportpl\u00e4tze VfL Post etc. aber auch die wenigen noch erhaltenen Streuobstwiesen, die Kleing\u00e4rten und die landwirtschaftlichen Fl\u00e4chen in Esslingen. &nbsp;Dar\u00fcber hinaus m\u00fcssten Fl\u00e4chen wo irgend m\u00f6glich entsiegelt werden zum Beispiel die Betonw\u00fcste Bahnhofsvorplatz. Wohnbebauung &#8211; vor allem von Sozialwohnungen- nur noch auf bereits versiegelten Fl\u00e4chen und unbedingter Erhalt und gr\u00f6\u00dftm\u00f6glicher Ausbau der vorhandenen Geb\u00e4ude m\u00f6glichst mit Fassadenbegr\u00fcnung und Dachg\u00e4rten. Dazu gibt es in der Stadt massenweise gute Ideen die endlich umgesetzt werden m\u00fcssen.<\/p>\n","protected":false},"excerpt":{"rendered":"<p>In einem Hitzecheck von 190 deutschen St\u00e4dten geh\u00f6rt Esslingen zu den St\u00e4dten mit der gr\u00f6\u00dften Fl\u00e4chenversigelung (50,81%) und dem geringsten Gr\u00fcnanteil (3,12%). Der Gr\u00fcnanteil an der Gesamtfl\u00e4che ist noch geringer als in Stuttgart! Deshalb: Rote Karte wegen viel zu viel Beton und viel zu wenig Gr\u00fcn. &nbsp;Aktuell werden in Deutschland T\u00c4GLICH \u00fcber 50 Hektar Fl\u00e4che &hellip; <a href=\"https:\/\/fuer-esslingen.de\/?p=3445\" class=\"more-link\"><span class=\"screen-reader-text\">Hitzecheck: Rote Karte f\u00fcr Esslinger Betonpolitik<\/span> weiterlesen <span class=\"meta-nav\">&rarr;<\/span><\/a><\/p>\n","protected":false},"author":1,"featured_media":3451,"comment_status":"closed","ping_status":"closed","sticky":false,"template":"","format":"standard","meta":{"footnotes":""},"categories":[2],"tags":[],"class_list":["post-3445","post","type-post","status-publish","format-standard","has-post-thumbnail","hentry","category-aktuell"],"_links":{"self":[{"href":"https:\/\/fuer-esslingen.de\/index.php?rest_route=\/wp\/v2\/posts\/3445","targetHints":{"allow":["GET"]}}],"collection":[{"href":"https:\/\/fuer-esslingen.de\/index.php?rest_route=\/wp\/v2\/posts"}],"about":[{"href":"https:\/\/fuer-esslingen.de\/index.php?rest_route=\/wp\/v2\/types\/post"}],"author":[{"embeddable":true,"href":"https:\/\/fuer-esslingen.de\/index.php?rest_route=\/wp\/v2\/users\/1"}],"replies":[{"embeddable":true,"href":"https:\/\/fuer-esslingen.de\/index.php?rest_route=%2Fwp%2Fv2%2Fcomments&post=3445"}],"version-history":[{"count":2,"href":"https:\/\/fuer-esslingen.de\/index.php?rest_route=\/wp\/v2\/posts\/3445\/revisions"}],"predecessor-version":[{"id":3448,"href":"https:\/\/fuer-esslingen.de\/index.php?rest_route=\/wp\/v2\/posts\/3445\/revisions\/3448"}],"wp:featuredmedia":[{"embeddable":true,"href":"https:\/\/fuer-esslingen.de\/index.php?rest_route=\/wp\/v2\/media\/3451"}],"wp:attachment":[{"href":"https:\/\/fuer-esslingen.de\/index.php?rest_route=%2Fwp%2Fv2%2Fmedia&parent=3445"}],"wp:term":[{"taxonomy":"category","embeddable":true,"href":"https:\/\/fuer-esslingen.de\/index.php?rest_route=%2Fwp%2Fv2%2Fcategories&post=3445"},{"taxonomy":"post_tag","embeddable":true,"href":"https:\/\/fuer-esslingen.de\/index.php?rest_route=%2Fwp%2Fv2%2Ftags&post=3445"}],"curies":[{"name":"wp","href":"https:\/\/api.w.org\/{rel}","templated":true}]}}