{"id":3457,"date":"2024-09-30T11:40:43","date_gmt":"2024-09-30T09:40:43","guid":{"rendered":"https:\/\/fuer-esslingen.de\/?p=3457"},"modified":"2024-11-14T15:00:11","modified_gmt":"2024-11-14T13:00:11","slug":"stadt-im-ueberfluss","status":"publish","type":"post","link":"https:\/\/fuer-esslingen.de\/?p=3457","title":{"rendered":"Stadt im \u00dcberfluss?"},"content":{"rendered":"\n<p><\/p>\n\n\n\n<p class=\"has-off-white-background-color has-background\">F\u00dcR Esslingen bespielte zusammen mit der Umweltgewerkschaft einen der sch\u00f6nen von derStadt bereitgestellten Pavillons am Postmichelbrunnen beim Klimafest. Unser Focus richtete sich auf die sich h\u00e4ufenden Umwelt- und Klimakatastrophen und ihre globalen und lokalen Auswirkungen. Esslingen \u2013 Hitzestadt auf dem bundesweit 20sten Platz und ist im Gegenzug bei Starkregen von \u00dcberflutungen bedroht.<\/p>\n\n\n\n<p class=\"has-off-white-background-color has-background\">Deshalb treten wir von F\u00dcR vehement gegen jede weitere Fl\u00e4chenversiegelung ein, sind f\u00fcr den Erhalt von Bestandsbauten und ihre Umnutzung f\u00fcr preisg\u00fcnstigen Wohnraum. Seit Jahren k\u00e4mpfen wir f\u00fcr den Erhalt und die Pflege von Sport-, Bolz- und Spielpl\u00e4tzen als gr\u00fcne Lungen der Stadt, soziale Treffpunkte und Sport-, Tobe- und Spielplatz f\u00fcr Jung und Alt.<\/p>\n\n\n\n<p class=\"has-off-white-background-color has-background\">Die Wiedereinf\u00fchrung des Stadttickets sehen wir als Anreiz g\u00fcnstig \u00f6ffentlich in die Stadt zu fahren \u2013 die am Wochenende zeigte, wie lebens- und liebenswert ein lebendiges Esslingen ohne KFZs in der Innenstadt ist \u2013 und was die zahlreichen Ehrenamtlichen zusammen mit K\u00fcnstlern und kreativen Akteuren auf die Beine stellen k\u00f6nnen.<\/p>\n\n\n\n<p>Von unserem Stand aus konnten wir bestens das Programm des Shanty Chors  Esslingen und der Band Safnama aus Gambia verfolgen. Dabei wurde tolle Musik dargeboten aber auch ernste und wichtige Themen thematisiert wie die Fluchtursachen, die Menschen aus Gambia dazu bringen sich auf den gef\u00e4hrlichen Weg nach Europa zu machen, auch die Verschmutzung der Meere durch Plastikm\u00fcll und die Erw\u00e4rmung der Ozeane wurden erl\u00e4utert.<\/p>\n\n\n\n<p class=\"has-off-white-background-color has-background\">Auch die Natur beschenkt uns dieses Jahr, ganz zum Thema passend, mit einem \u00dcberfluss an \u00c4pfeln, ungespritzt, aus heimischem Garten, die sich die Passanten, trotz dem ein oder anderen Wurmstich, schmecken lie\u00dfen. Wenn wir mit der Natur gut umgehen, dann sch\u00fctzt sie uns als ein Teil derselben. Wenn sie durch Raubbau, Industried\u00fcnger und dem Einsatz von Pestiziden ihre nat\u00fcrliche Funktion als Wasserspeicher und K\u00fchlelement verliert, haben wir auf Dauer das Nachsehen.<\/p>\n\n\n\n<p class=\"has-off-white-background-color has-background\">Vielen Dank an das Esslinger Kulturamt und die Stabsstelle f\u00fcr Nachhaltigkeit und Klimaschutz f\u00fcr das gelungene Konzept.<\/p>\n\n\n\n<p><\/p>\n","protected":false},"excerpt":{"rendered":"<p>F\u00dcR Esslingen bespielte zusammen mit der Umweltgewerkschaft einen der sch\u00f6nen von derStadt bereitgestellten Pavillons am Postmichelbrunnen beim Klimafest. Unser Focus richtete sich auf die sich h\u00e4ufenden Umwelt- und Klimakatastrophen und ihre globalen und lokalen Auswirkungen. Esslingen \u2013 Hitzestadt auf dem bundesweit 20sten Platz und ist im Gegenzug bei Starkregen von \u00dcberflutungen bedroht. Deshalb treten wir &hellip; <a href=\"https:\/\/fuer-esslingen.de\/?p=3457\" class=\"more-link\"><span class=\"screen-reader-text\">Stadt im \u00dcberfluss?<\/span> weiterlesen <span class=\"meta-nav\">&rarr;<\/span><\/a><\/p>\n","protected":false},"author":1,"featured_media":3458,"comment_status":"closed","ping_status":"closed","sticky":false,"template":"","format":"standard","meta":{"footnotes":""},"categories":[1],"tags":[],"class_list":["post-3457","post","type-post","status-publish","format-standard","has-post-thumbnail","hentry","category-allgemein"],"_links":{"self":[{"href":"https:\/\/fuer-esslingen.de\/index.php?rest_route=\/wp\/v2\/posts\/3457","targetHints":{"allow":["GET"]}}],"collection":[{"href":"https:\/\/fuer-esslingen.de\/index.php?rest_route=\/wp\/v2\/posts"}],"about":[{"href":"https:\/\/fuer-esslingen.de\/index.php?rest_route=\/wp\/v2\/types\/post"}],"author":[{"embeddable":true,"href":"https:\/\/fuer-esslingen.de\/index.php?rest_route=\/wp\/v2\/users\/1"}],"replies":[{"embeddable":true,"href":"https:\/\/fuer-esslingen.de\/index.php?rest_route=%2Fwp%2Fv2%2Fcomments&post=3457"}],"version-history":[{"count":2,"href":"https:\/\/fuer-esslingen.de\/index.php?rest_route=\/wp\/v2\/posts\/3457\/revisions"}],"predecessor-version":[{"id":3460,"href":"https:\/\/fuer-esslingen.de\/index.php?rest_route=\/wp\/v2\/posts\/3457\/revisions\/3460"}],"wp:featuredmedia":[{"embeddable":true,"href":"https:\/\/fuer-esslingen.de\/index.php?rest_route=\/wp\/v2\/media\/3458"}],"wp:attachment":[{"href":"https:\/\/fuer-esslingen.de\/index.php?rest_route=%2Fwp%2Fv2%2Fmedia&parent=3457"}],"wp:term":[{"taxonomy":"category","embeddable":true,"href":"https:\/\/fuer-esslingen.de\/index.php?rest_route=%2Fwp%2Fv2%2Fcategories&post=3457"},{"taxonomy":"post_tag","embeddable":true,"href":"https:\/\/fuer-esslingen.de\/index.php?rest_route=%2Fwp%2Fv2%2Ftags&post=3457"}],"curies":[{"name":"wp","href":"https:\/\/api.w.org\/{rel}","templated":true}]}}