{"id":3588,"date":"2025-04-03T17:03:04","date_gmt":"2025-04-03T15:03:04","guid":{"rendered":"https:\/\/fuer-esslingen.de\/?p=3588"},"modified":"2025-04-03T17:03:05","modified_gmt":"2025-04-03T15:03:05","slug":"30-km-h-und-ein-lachendes-gesicht","status":"publish","type":"post","link":"https:\/\/fuer-esslingen.de\/?p=3588","title":{"rendered":"30 km\/h und ein     lachendes Gesicht"},"content":{"rendered":"\n<p><\/p>\n\n\n\n<p><\/p>\n\n\n\n<figure class=\"wp-block-image size-full\"><img loading=\"lazy\" decoding=\"async\" width=\"1280\" height=\"1280\" src=\"https:\/\/fuer-esslingen.de\/wp-content\/uploads\/2025\/04\/smiley-gruen.jpg\" alt=\"\" class=\"wp-image-3589\" srcset=\"https:\/\/fuer-esslingen.de\/wp-content\/uploads\/2025\/04\/smiley-gruen.jpg 1280w, https:\/\/fuer-esslingen.de\/wp-content\/uploads\/2025\/04\/smiley-gruen-300x300.jpg 300w, https:\/\/fuer-esslingen.de\/wp-content\/uploads\/2025\/04\/smiley-gruen-768x768.jpg 768w\" sizes=\"auto, (max-width: 1280px) 100vw, 1280px\" \/><\/figure>\n\n\n\n<p class=\"has-white-background-color has-background\">Dass die Geschwindigkeitsanzeigetafeln \u201eSmileys\u201c nachweislich n\u00fctzen, ist erwiesen. Vielleicht sollten sie dann aber nicht im letzten Drittel einer Stra\u00dfe stehen, sondern an deren Anfang? Bereits seit Jahren k\u00e4mpfen Anwohner der Mutzenreisstrasse gegen den zunehmenden Durchgangsverkehr. Alle Erhebungen eines beauftragten Planungsb\u00fcros haben ergeben: Der Eindruck der Anwohner stimmt!<\/p>\n\n\n\n<p class=\"has-white-background-color has-background\">Das Verkehrsaufkommen ist \u00fcberdurchschnittlich hoch f\u00fcr ein Wohngebiet. Ein gro\u00dfer Prozentsatz der Durchfahrenden f\u00e4hrt schneller als die erlaubten 30 km\/h. Besonders belastend wird der LKW-Verkehr wahrgenommen. Die Durchfahrt des Schwerlastverkehrs ist zwar verboten \u2013 aber fehlende Kontrollen machen es einfach diese Verkehrsregel zu missachten.<\/p>\n\n\n\n<p class=\"has-white-background-color has-background\">Seit kurzer Zeit gibt es wenigstens einen \u201eSmiley\u201c in der Mutzenreisstra\u00dfe, der an die H\u00f6chstgeschwindigkeit erinnert. Dieser wurde schon im Juni 2023 versprochen. Wieso der aber nun im letzten Drittel der Stra\u00dfe und nur stadteinw\u00e4rts angebracht wurde, gibt R\u00e4tsel auf. Frage an das daf\u00fcr zust\u00e4ndige Amt: K\u00f6nnten Sie das bitte erkl\u00e4ren \u2013 oder besser, den Smiley ins erste Drittel der Stra\u00dfe platzieren. Sollten Sie sich schwer tun mit einem geeigneten Standort \u2013 fragen Sie doch einfach bei den Anwohnern nach!<\/p>\n\n\n\n<p class=\"has-white-background-color has-background\">Statt der vom&nbsp;beauftragten Planungsb\u00fcro vorgeschlagenen millionenschweren Umbauten schlugen die Anwohner ein zeitweises Durchfahrverbot durch das Mutzenreisw\u00e4ldchen vor \u2013 und dessen Kontrolle. Kostenaufkommen: ein Bruchteil der vom Planungsb\u00fcro veranschlagten Kosten. Die Abstimmung bei der B\u00fcrgerversammlung im Juli 2024 fiel dann auch eindeutig f\u00fcr die L\u00f6sung der Anwohner aus. Dieser Vorschlag wird nun gepr\u00fcft. Auf die Umsetzung warten alle noch gespannt.<\/p>\n","protected":false},"excerpt":{"rendered":"<p>Dass die Geschwindigkeitsanzeigetafeln \u201eSmileys\u201c nachweislich n\u00fctzen, ist erwiesen. Vielleicht sollten sie dann aber nicht im letzten Drittel einer Stra\u00dfe stehen, sondern an deren Anfang? Bereits seit Jahren k\u00e4mpfen Anwohner der Mutzenreisstrasse gegen den zunehmenden Durchgangsverkehr. Alle Erhebungen eines beauftragten Planungsb\u00fcros haben ergeben: Der Eindruck der Anwohner stimmt! Das Verkehrsaufkommen ist \u00fcberdurchschnittlich hoch f\u00fcr ein Wohngebiet. &hellip; <a href=\"https:\/\/fuer-esslingen.de\/?p=3588\" class=\"more-link\"><span class=\"screen-reader-text\">30 km\/h und ein     lachendes Gesicht<\/span> weiterlesen <span class=\"meta-nav\">&rarr;<\/span><\/a><\/p>\n","protected":false},"author":1,"featured_media":0,"comment_status":"closed","ping_status":"closed","sticky":false,"template":"","format":"standard","meta":{"footnotes":""},"categories":[2],"tags":[],"class_list":["post-3588","post","type-post","status-publish","format-standard","hentry","category-aktuell"],"_links":{"self":[{"href":"https:\/\/fuer-esslingen.de\/index.php?rest_route=\/wp\/v2\/posts\/3588","targetHints":{"allow":["GET"]}}],"collection":[{"href":"https:\/\/fuer-esslingen.de\/index.php?rest_route=\/wp\/v2\/posts"}],"about":[{"href":"https:\/\/fuer-esslingen.de\/index.php?rest_route=\/wp\/v2\/types\/post"}],"author":[{"embeddable":true,"href":"https:\/\/fuer-esslingen.de\/index.php?rest_route=\/wp\/v2\/users\/1"}],"replies":[{"embeddable":true,"href":"https:\/\/fuer-esslingen.de\/index.php?rest_route=%2Fwp%2Fv2%2Fcomments&post=3588"}],"version-history":[{"count":1,"href":"https:\/\/fuer-esslingen.de\/index.php?rest_route=\/wp\/v2\/posts\/3588\/revisions"}],"predecessor-version":[{"id":3590,"href":"https:\/\/fuer-esslingen.de\/index.php?rest_route=\/wp\/v2\/posts\/3588\/revisions\/3590"}],"wp:attachment":[{"href":"https:\/\/fuer-esslingen.de\/index.php?rest_route=%2Fwp%2Fv2%2Fmedia&parent=3588"}],"wp:term":[{"taxonomy":"category","embeddable":true,"href":"https:\/\/fuer-esslingen.de\/index.php?rest_route=%2Fwp%2Fv2%2Fcategories&post=3588"},{"taxonomy":"post_tag","embeddable":true,"href":"https:\/\/fuer-esslingen.de\/index.php?rest_route=%2Fwp%2Fv2%2Ftags&post=3588"}],"curies":[{"name":"wp","href":"https:\/\/api.w.org\/{rel}","templated":true}]}}