{"id":3591,"date":"2025-04-03T17:09:05","date_gmt":"2025-04-03T15:09:05","guid":{"rendered":"https:\/\/fuer-esslingen.de\/?p=3591"},"modified":"2025-04-03T17:09:06","modified_gmt":"2025-04-03T15:09:06","slug":"18e-pro-qm-miete-fuer-pflegekraefte","status":"publish","type":"post","link":"https:\/\/fuer-esslingen.de\/?p=3591","title":{"rendered":"18\u20ac pro qm Miete f\u00fcr Pflegekr\u00e4fte!"},"content":{"rendered":"\n<figure class=\"wp-block-image size-full\"><img loading=\"lazy\" decoding=\"async\" width=\"960\" height=\"1280\" src=\"https:\/\/fuer-esslingen.de\/wp-content\/uploads\/2025\/04\/building-835435_1280.jpg\" alt=\"\" class=\"wp-image-3592\" srcset=\"https:\/\/fuer-esslingen.de\/wp-content\/uploads\/2025\/04\/building-835435_1280.jpg 960w, https:\/\/fuer-esslingen.de\/wp-content\/uploads\/2025\/04\/building-835435_1280-225x300.jpg 225w, https:\/\/fuer-esslingen.de\/wp-content\/uploads\/2025\/04\/building-835435_1280-768x1024.jpg 768w\" sizes=\"auto, (max-width: 960px) 100vw, 960px\" \/><\/figure>\n\n\n\n<p class=\"has-white-background-color has-background\">Im Neubaugebiet Flandernh\u00f6he wurden 11 Wohnungen f\u00fcr Mitarbeiter der Sozialstation und der st\u00e4dtischen Pflegeheime bereitgestellt. Soweit so gut. Jetzt wurde aber bekannt, dass selbst von den Mitarbeitern der Pflegeheime horrende Mieten verlangt werden, n\u00e4mlich ca. 18 \u20ac pro Quadratmeter! Dazu der Kommentar der Verantwortlichen: \u201eDie Zeiten seien vorbei, in denen nur ein Drittel des Einkommens f\u00fcr die Miete aufgebracht werden musste.\u201c Die Ausgabe f\u00fcr solche Mieten d\u00fcrften inzwischen bei vielen Mietern fast die H\u00e4lfte ihres Einkommens verschlingen. (Von wegen \u00fcberzogene Gehaltsforderungen der Verdi-Kollegen. Die sind v\u00f6llig berechtigt.)<\/p>\n\n\n\n<p class=\"has-white-background-color has-background\">Auch auf dem Hochschulgel\u00e4nde an der Flandernstra\u00dfe sind 180 Wohnungen f\u00fcr Pflegekr\u00e4fte geplanten. Man muss davon ausgehen, dass die Mieten f\u00fcr die Mitarbeiter dann noch h\u00f6her liegen werden.<\/p>\n\n\n\n<p class=\"has-white-background-color has-background\">Die ganze Wohnungspolitik ist im Wesentlichen ausgerichtet auf die Profitinteressen der Bau und Immobilienwirtschaft. Gebaut werden extrem teure Wohnungen vor allem f\u00fcr Gro\u00dfverdiener. Die Zahl der Sozialwohnungen dagegen sinkt kontinuierlich. Im Kreis Esslingen fehlen 10 000 Sozialwohnungen. Gleichzeitig stehen absurderweise 5000 Wohnungen leer. F\u00dcR Esslingen fordert, deshalb volle Konzentration auf den sozialen Wohnungsbau. Leerst\u00e4nde m\u00fcssen mit allen Mitteln abgebaut werden. M\u00f6glichst keine weitere Fl\u00e4chenversiegelung, sondern optimale &nbsp;Nutzung der vorhandenen Fl\u00e4chen f\u00fcr den sozialen Wohnungsbau z.B. im Tobias-Mayer-Areal. &nbsp;Wir brauchen wirklich bezahlbare Wohnungen f\u00fcr Geringverdiener, Rentner, Alleinerziehende und kinderreiche Familien!&nbsp;<\/p>\n","protected":false},"excerpt":{"rendered":"<p>Im Neubaugebiet Flandernh\u00f6he wurden 11 Wohnungen f\u00fcr Mitarbeiter der Sozialstation und der st\u00e4dtischen Pflegeheime bereitgestellt. Soweit so gut. Jetzt wurde aber bekannt, dass selbst von den Mitarbeitern der Pflegeheime horrende Mieten verlangt werden, n\u00e4mlich ca. 18 \u20ac pro Quadratmeter! Dazu der Kommentar der Verantwortlichen: \u201eDie Zeiten seien vorbei, in denen nur ein Drittel des Einkommens &hellip; <a href=\"https:\/\/fuer-esslingen.de\/?p=3591\" class=\"more-link\"><span class=\"screen-reader-text\">18\u20ac pro qm Miete f\u00fcr Pflegekr\u00e4fte!<\/span> weiterlesen <span class=\"meta-nav\">&rarr;<\/span><\/a><\/p>\n","protected":false},"author":1,"featured_media":0,"comment_status":"closed","ping_status":"closed","sticky":false,"template":"","format":"standard","meta":{"footnotes":""},"categories":[2],"tags":[],"class_list":["post-3591","post","type-post","status-publish","format-standard","hentry","category-aktuell"],"_links":{"self":[{"href":"https:\/\/fuer-esslingen.de\/index.php?rest_route=\/wp\/v2\/posts\/3591","targetHints":{"allow":["GET"]}}],"collection":[{"href":"https:\/\/fuer-esslingen.de\/index.php?rest_route=\/wp\/v2\/posts"}],"about":[{"href":"https:\/\/fuer-esslingen.de\/index.php?rest_route=\/wp\/v2\/types\/post"}],"author":[{"embeddable":true,"href":"https:\/\/fuer-esslingen.de\/index.php?rest_route=\/wp\/v2\/users\/1"}],"replies":[{"embeddable":true,"href":"https:\/\/fuer-esslingen.de\/index.php?rest_route=%2Fwp%2Fv2%2Fcomments&post=3591"}],"version-history":[{"count":1,"href":"https:\/\/fuer-esslingen.de\/index.php?rest_route=\/wp\/v2\/posts\/3591\/revisions"}],"predecessor-version":[{"id":3593,"href":"https:\/\/fuer-esslingen.de\/index.php?rest_route=\/wp\/v2\/posts\/3591\/revisions\/3593"}],"wp:attachment":[{"href":"https:\/\/fuer-esslingen.de\/index.php?rest_route=%2Fwp%2Fv2%2Fmedia&parent=3591"}],"wp:term":[{"taxonomy":"category","embeddable":true,"href":"https:\/\/fuer-esslingen.de\/index.php?rest_route=%2Fwp%2Fv2%2Fcategories&post=3591"},{"taxonomy":"post_tag","embeddable":true,"href":"https:\/\/fuer-esslingen.de\/index.php?rest_route=%2Fwp%2Fv2%2Ftags&post=3591"}],"curies":[{"name":"wp","href":"https:\/\/api.w.org\/{rel}","templated":true}]}}