{"id":3594,"date":"2025-04-03T17:17:02","date_gmt":"2025-04-03T15:17:02","guid":{"rendered":"https:\/\/fuer-esslingen.de\/?p=3594"},"modified":"2025-04-03T17:17:03","modified_gmt":"2025-04-03T15:17:03","slug":"was-tun-gegen-moegliche-hitzewellen","status":"publish","type":"post","link":"https:\/\/fuer-esslingen.de\/?p=3594","title":{"rendered":"Was tun gegen m\u00f6gliche Hitzewellen?"},"content":{"rendered":"\n<figure class=\"wp-block-image size-full\"><img loading=\"lazy\" decoding=\"async\" width=\"1280\" height=\"642\" src=\"https:\/\/fuer-esslingen.de\/wp-content\/uploads\/2025\/04\/thermometer-3581190_1280.jpg\" alt=\"\" class=\"wp-image-3595\" srcset=\"https:\/\/fuer-esslingen.de\/wp-content\/uploads\/2025\/04\/thermometer-3581190_1280.jpg 1280w, https:\/\/fuer-esslingen.de\/wp-content\/uploads\/2025\/04\/thermometer-3581190_1280-300x150.jpg 300w, https:\/\/fuer-esslingen.de\/wp-content\/uploads\/2025\/04\/thermometer-3581190_1280-768x385.jpg 768w\" sizes=\"auto, (max-width: 1280px) 100vw, 1280px\" \/><\/figure>\n\n\n\n<p class=\"has-white-background-color has-background\">Am Montag wird im Gemeinderat \u00fcber das Thema \u201eKlimafolgenanpassung in den Esslinger Tallagen\u201c diskutiert. Die Klimaforscher rechnen inzwischen damit, dass die Zahl der Hitzetage in Esslingen auf 65 ansteigt. Das sind mehr als 2 Monate im Jahr mit extremer Hitze. Damit einher gehen zunehmende gesundheitliche Hitzefolgen f\u00fcr die dort lebenden und arbeitenden Menschen. Speziell Risikogruppen wie z.B. sehr junge oder betagte Menschen, chronisch kranke\/hilfsbed\u00fcrftige oder schwer k\u00f6rperlich arbeitende Personen sind f\u00fcr diese gesundheitlichen Folgen besonders anf\u00e4llig. <\/p>\n\n\n\n<p class=\"has-white-background-color has-background\">Aktuell ist die Pflanzung von 200 B\u00e4umen geplant. Das ist nat\u00fcrlich zu begr\u00fc\u00dfen. Daf\u00fcr wird eine F\u00f6rderzusage des Bundes in H\u00f6he von 2,25 Mio. \u00a0erwartet. 750 000\u20ac m\u00fcssen aus dem st\u00e4dtischen Haushalt bereitgestellt werden. Die Zusage des Bundes ist abh\u00e4ngig vom Haushaltsplan und deshalb noch keineswegs gesichert! Vor allem aber wird die Pflanzung der B\u00e4ume allein noch keine wesentliche Linderung der zu erwartenden Hitzewelle bewirken. Notwendig w\u00e4ren die Entsiegelung und Begr\u00fcnung zahlreicher Fl\u00e4chen in der Stadt. Hier wurden viele Chancen vertan, etwa durch die Bebauung des O-Bus Gel\u00e4ndes, des Greut und die Betonw\u00fcste Bahnhofsvorplatz. <\/p>\n\n\n\n<p class=\"has-white-background-color has-background\">Das mindeste in dieser Situation ist, dass auf jede weitere Versiegelung von Gr\u00fcnfl\u00e4chen verzichtet wird vor allem auf die Bebauung des VFL-Post Gel\u00e4ndes und der anderen Sportpl\u00e4tze; aber auch auf die Bebauung der anderen im Fl\u00e4chennutzungsplan enthaltenen Gr\u00fcnfl\u00e4chen. Genau das wird von den Esslinger B\u00fcrgern und von F\u00dcR seit Jahren gefordert. Der Verzicht auf die Bebauung w\u00e4re wenigstens eine kleine und zudem v\u00f6llig kostenlose Klimaschutzma\u00dfnahme. Das mu\u00df endlich umgesetzt werden!<\/p>\n","protected":false},"excerpt":{"rendered":"<p>Am Montag wird im Gemeinderat \u00fcber das Thema \u201eKlimafolgenanpassung in den Esslinger Tallagen\u201c diskutiert. Die Klimaforscher rechnen inzwischen damit, dass die Zahl der Hitzetage in Esslingen auf 65 ansteigt. Das sind mehr als 2 Monate im Jahr mit extremer Hitze. Damit einher gehen zunehmende gesundheitliche Hitzefolgen f\u00fcr die dort lebenden und arbeitenden Menschen. Speziell Risikogruppen &hellip; <a href=\"https:\/\/fuer-esslingen.de\/?p=3594\" class=\"more-link\"><span class=\"screen-reader-text\">Was tun gegen m\u00f6gliche Hitzewellen?<\/span> weiterlesen <span class=\"meta-nav\">&rarr;<\/span><\/a><\/p>\n","protected":false},"author":1,"featured_media":0,"comment_status":"closed","ping_status":"closed","sticky":false,"template":"","format":"standard","meta":{"footnotes":""},"categories":[2],"tags":[],"class_list":["post-3594","post","type-post","status-publish","format-standard","hentry","category-aktuell"],"_links":{"self":[{"href":"https:\/\/fuer-esslingen.de\/index.php?rest_route=\/wp\/v2\/posts\/3594","targetHints":{"allow":["GET"]}}],"collection":[{"href":"https:\/\/fuer-esslingen.de\/index.php?rest_route=\/wp\/v2\/posts"}],"about":[{"href":"https:\/\/fuer-esslingen.de\/index.php?rest_route=\/wp\/v2\/types\/post"}],"author":[{"embeddable":true,"href":"https:\/\/fuer-esslingen.de\/index.php?rest_route=\/wp\/v2\/users\/1"}],"replies":[{"embeddable":true,"href":"https:\/\/fuer-esslingen.de\/index.php?rest_route=%2Fwp%2Fv2%2Fcomments&post=3594"}],"version-history":[{"count":1,"href":"https:\/\/fuer-esslingen.de\/index.php?rest_route=\/wp\/v2\/posts\/3594\/revisions"}],"predecessor-version":[{"id":3596,"href":"https:\/\/fuer-esslingen.de\/index.php?rest_route=\/wp\/v2\/posts\/3594\/revisions\/3596"}],"wp:attachment":[{"href":"https:\/\/fuer-esslingen.de\/index.php?rest_route=%2Fwp%2Fv2%2Fmedia&parent=3594"}],"wp:term":[{"taxonomy":"category","embeddable":true,"href":"https:\/\/fuer-esslingen.de\/index.php?rest_route=%2Fwp%2Fv2%2Fcategories&post=3594"},{"taxonomy":"post_tag","embeddable":true,"href":"https:\/\/fuer-esslingen.de\/index.php?rest_route=%2Fwp%2Fv2%2Ftags&post=3594"}],"curies":[{"name":"wp","href":"https:\/\/api.w.org\/{rel}","templated":true}]}}