{"id":3608,"date":"2025-04-27T12:53:56","date_gmt":"2025-04-27T10:53:56","guid":{"rendered":"https:\/\/fuer-esslingen.de\/?p=3608"},"modified":"2025-04-27T12:53:57","modified_gmt":"2025-04-27T10:53:57","slug":"hoechste-zeit-fuer-staedtischen-wohnungsbau","status":"publish","type":"post","link":"https:\/\/fuer-esslingen.de\/?p=3608","title":{"rendered":"H\u00f6chste Zeit f\u00fcr st\u00e4dtischen Wohnungsbau!"},"content":{"rendered":"\n<figure class=\"wp-block-image size-large\"><img loading=\"lazy\" decoding=\"async\" width=\"2000\" height=\"1500\" src=\"https:\/\/fuer-esslingen.de\/wp-content\/uploads\/2025\/04\/2014-08-HS-ESS-Flandernstrasse-2000x1500.jpg\" alt=\"\" class=\"wp-image-3609\" srcset=\"https:\/\/fuer-esslingen.de\/wp-content\/uploads\/2025\/04\/2014-08-HS-ESS-Flandernstrasse-2000x1500.jpg 2000w, https:\/\/fuer-esslingen.de\/wp-content\/uploads\/2025\/04\/2014-08-HS-ESS-Flandernstrasse-300x225.jpg 300w, https:\/\/fuer-esslingen.de\/wp-content\/uploads\/2025\/04\/2014-08-HS-ESS-Flandernstrasse-768x576.jpg 768w, https:\/\/fuer-esslingen.de\/wp-content\/uploads\/2025\/04\/2014-08-HS-ESS-Flandernstrasse-1536x1152.jpg 1536w, https:\/\/fuer-esslingen.de\/wp-content\/uploads\/2025\/04\/2014-08-HS-ESS-Flandernstrasse-2048x1536.jpg 2048w\" sizes=\"auto, (max-width: 2000px) 100vw, 2000px\" \/><\/figure>\n\n\n\n<p>Hervorragende Gelegenheit f\u00fcr st\u00e4dtischen  Wohnungsbau in den Hochschulgeb\u00e4uden an der Flandernstra\u00dfe &#8211; ab 2026 im Besitz der Stadt!<\/p>\n\n\n\n<p class=\"has-white-background-color has-background\">Die Zahl der Wohnungen mit Mietpreisbindung nimmt st\u00e4ndig ab, die der Wohnungssuchenden in der Notfallkartei stieg im letzten Jahr sogar um 25 % an. Im Kultur- und Sozialausschuss erkl\u00e4rte Herr Seelow von der Stabstelle Wohnen die Dringlichkeit zu Handeln auf das Deutlichste. Nun will die Stadt im Rahmen des Eigenbetriebs \u201eSt\u00e4dtischen Geb\u00e4ude Esslingen\u201c eine eigene Wohnungsbaugesellschaft gr\u00fcnden. Der Kultur- und Sozialausschuss stimmte einstimmig daf\u00fcr. Applaus und schlau \u2013 denn nur f\u00fcr 100% st\u00e4dtische Wohnungen gibt das Land die h\u00f6chsten Zusch\u00fcsse.<\/p>\n\n\n\n<p class=\"has-white-background-color has-background\">Warum dies nun noch ein zweites Mal in den Ausschuss ABMK muss, erschlie\u00dft sich nicht. Da sitzen doch die gleichen Fraktionen beieinander. So kann man Entscheidungen auch in die L\u00e4nge ziehen\u2026 Mit dem Beschluss wurde allerdings nur die rechtliche Form f\u00fcr einen m\u00f6glichen st\u00e4dtischen Wohnungsbau festgelegt, Ob und wann die Stadt dann tats\u00e4chlich weitere Wohnungen baut und wie hoch die Mieten sein werden ist v\u00f6llig unklar. F\u00dcR Esslingen fordert, dass insbesondere die Geb\u00e4ude auf dem Hochschulgel\u00e4nde Flandernstra\u00dfe nicht an Investoren verh\u00f6kert werden, sondern von der st\u00e4dtischen Wohnungsbaugesellschaft \u00fcbernommen und f\u00fcr Geringverdiener, Rentner, kinderreiche Familien und Alleinerziehende umgebaut und m\u00f6glichst g\u00fcnstig vermietet werden.<\/p>\n\n\n\n<p><\/p>\n","protected":false},"excerpt":{"rendered":"<p>Hervorragende Gelegenheit f\u00fcr st\u00e4dtischen Wohnungsbau in den Hochschulgeb\u00e4uden an der Flandernstra\u00dfe &#8211; ab 2026 im Besitz der Stadt! Die Zahl der Wohnungen mit Mietpreisbindung nimmt st\u00e4ndig ab, die der Wohnungssuchenden in der Notfallkartei stieg im letzten Jahr sogar um 25 % an. Im Kultur- und Sozialausschuss erkl\u00e4rte Herr Seelow von der Stabstelle Wohnen die Dringlichkeit &hellip; <a href=\"https:\/\/fuer-esslingen.de\/?p=3608\" class=\"more-link\"><span class=\"screen-reader-text\">H\u00f6chste Zeit f\u00fcr st\u00e4dtischen Wohnungsbau!<\/span> weiterlesen <span class=\"meta-nav\">&rarr;<\/span><\/a><\/p>\n","protected":false},"author":1,"featured_media":0,"comment_status":"closed","ping_status":"closed","sticky":false,"template":"","format":"standard","meta":{"footnotes":""},"categories":[2],"tags":[],"class_list":["post-3608","post","type-post","status-publish","format-standard","hentry","category-aktuell"],"_links":{"self":[{"href":"https:\/\/fuer-esslingen.de\/index.php?rest_route=\/wp\/v2\/posts\/3608","targetHints":{"allow":["GET"]}}],"collection":[{"href":"https:\/\/fuer-esslingen.de\/index.php?rest_route=\/wp\/v2\/posts"}],"about":[{"href":"https:\/\/fuer-esslingen.de\/index.php?rest_route=\/wp\/v2\/types\/post"}],"author":[{"embeddable":true,"href":"https:\/\/fuer-esslingen.de\/index.php?rest_route=\/wp\/v2\/users\/1"}],"replies":[{"embeddable":true,"href":"https:\/\/fuer-esslingen.de\/index.php?rest_route=%2Fwp%2Fv2%2Fcomments&post=3608"}],"version-history":[{"count":1,"href":"https:\/\/fuer-esslingen.de\/index.php?rest_route=\/wp\/v2\/posts\/3608\/revisions"}],"predecessor-version":[{"id":3610,"href":"https:\/\/fuer-esslingen.de\/index.php?rest_route=\/wp\/v2\/posts\/3608\/revisions\/3610"}],"wp:attachment":[{"href":"https:\/\/fuer-esslingen.de\/index.php?rest_route=%2Fwp%2Fv2%2Fmedia&parent=3608"}],"wp:term":[{"taxonomy":"category","embeddable":true,"href":"https:\/\/fuer-esslingen.de\/index.php?rest_route=%2Fwp%2Fv2%2Fcategories&post=3608"},{"taxonomy":"post_tag","embeddable":true,"href":"https:\/\/fuer-esslingen.de\/index.php?rest_route=%2Fwp%2Fv2%2Ftags&post=3608"}],"curies":[{"name":"wp","href":"https:\/\/api.w.org\/{rel}","templated":true}]}}