{"id":3614,"date":"2025-05-08T08:37:28","date_gmt":"2025-05-08T06:37:28","guid":{"rendered":"https:\/\/fuer-esslingen.de\/?p=3614"},"modified":"2025-05-08T08:37:30","modified_gmt":"2025-05-08T06:37:30","slug":"weniger-haeuptlinge-mehr-mitarbeiter","status":"publish","type":"post","link":"https:\/\/fuer-esslingen.de\/?p=3614","title":{"rendered":"Weniger H\u00e4uptlinge \u2013  mehr Mitarbeiter!"},"content":{"rendered":"\n<figure class=\"wp-block-image size-full\"><img loading=\"lazy\" decoding=\"async\" width=\"1080\" height=\"803\" src=\"https:\/\/fuer-esslingen.de\/wp-content\/uploads\/2025\/05\/Screenshot_2025-02-10-22-09-08-125_Verdi.jpg\" alt=\"\" class=\"wp-image-3615\" srcset=\"https:\/\/fuer-esslingen.de\/wp-content\/uploads\/2025\/05\/Screenshot_2025-02-10-22-09-08-125_Verdi.jpg 1080w, https:\/\/fuer-esslingen.de\/wp-content\/uploads\/2025\/05\/Screenshot_2025-02-10-22-09-08-125_Verdi-300x223.jpg 300w, https:\/\/fuer-esslingen.de\/wp-content\/uploads\/2025\/05\/Screenshot_2025-02-10-22-09-08-125_Verdi-768x571.jpg 768w\" sizes=\"auto, (max-width: 1080px) 100vw, 1080px\" \/><\/figure>\n\n\n\n<p>Der eigentliche Schatz der Stadt sind ihre Mitarbeiter &#8230;. Streikende Verdi-Kollegen                     Bild von J\u00fcrgen Gross<\/p>\n\n\n\n<p class=\"has-white-background-color has-background\">Es ist schon erstaunlich: Wir erinnern uns an nicht allzu ferne Zeiten, da man in das B\u00fcrgeramt ging und \u2013 je nach Anzahl der Wartenden \u2013 doch recht schnell seine Fragen oder Anliegen erledigt bekam. Jetzt muss man sich umst\u00e4ndlich um eine Zeitreservierung bem\u00fchen. Nicht nur f\u00fcr \u00e4ltere Leute alles andere als einfach. In den Schulen m\u00fcffeln die Toiletten, dort und in den Kitas fehlen Lehrer und Erzieher. Man k\u00f6nnte fortsetzen. Vier B\u00fcrgermeister haben wir. Wenn die nicht in der Lage sind, die Probleme in ihrem Ressort zu ordnen, dann wird es auch ein f\u00fcnfter oder zehnter nicht bringen.<\/p>\n\n\n\n<p class=\"has-white-background-color has-background\">Der eigentliche Schatz der Stadt sind ihre Mitarbeiter und die Bewohner. F\u00fcr die hat die Stadt da zu sein. Und hier zeigt sich die Schere: Die Mitarbeiter, die die Stadt und ihre Einrichtungen am Laufen halten, wollten mehr Lohn, vor allem angesichts der Steigerungen der Preise f\u00fcr Grundbedarf und Wohnen. Da sagte unser OB, diese Forderungen seien wohl von einer anderen Welt, die Stadt habe kein Geld. Nun, einige Wochen sp\u00e4ter, kann er angeblich kostenneutral knapp 200\u00a0000 Euro freischaufeln, um sich einen f\u00fcnften B\u00fcrgermeister zu leisten. Was das mit dem Namen seiner Partei, die auch auf dem Mitgliedsbuch einiger mit diesem Unsinn einverstandener Stadtr\u00e4te zu tun hat, interessiert uns brennend. <\/p>\n\n\n\n<p class=\"has-white-background-color has-background\">Die Leserbriefspalten der EZ zeigen: Nicht nur wir lehnen diese Selbstbedieniungsmentalit\u00e4t nach Parteibuch ab. F\u00dcR Esslingen meint wir brauchen nicht mehr H\u00e4uptlinge, sondern mehr Mitarbeiter an der Basis f\u00fcr eine b\u00fcrgerfreundliche Verwaltung, f\u00fcr Kitas etc. Wir fordern, dass alles daran gesetzt wird um die dringend ben\u00f6tigten offenen Stellen zu besetzen.<\/p>\n\n\n\n<p><\/p>\n","protected":false},"excerpt":{"rendered":"<p>Der eigentliche Schatz der Stadt sind ihre Mitarbeiter &#8230;. Streikende Verdi-Kollegen Bild von J\u00fcrgen Gross Es ist schon erstaunlich: Wir erinnern uns an nicht allzu ferne Zeiten, da man in das B\u00fcrgeramt ging und \u2013 je nach Anzahl der Wartenden \u2013 doch recht schnell seine Fragen oder Anliegen erledigt bekam. Jetzt muss man sich umst\u00e4ndlich &hellip; <a href=\"https:\/\/fuer-esslingen.de\/?p=3614\" class=\"more-link\"><span class=\"screen-reader-text\">Weniger H\u00e4uptlinge \u2013  mehr Mitarbeiter!<\/span> weiterlesen <span class=\"meta-nav\">&rarr;<\/span><\/a><\/p>\n","protected":false},"author":1,"featured_media":0,"comment_status":"closed","ping_status":"closed","sticky":false,"template":"","format":"standard","meta":{"footnotes":""},"categories":[2],"tags":[],"class_list":["post-3614","post","type-post","status-publish","format-standard","hentry","category-aktuell"],"_links":{"self":[{"href":"https:\/\/fuer-esslingen.de\/index.php?rest_route=\/wp\/v2\/posts\/3614","targetHints":{"allow":["GET"]}}],"collection":[{"href":"https:\/\/fuer-esslingen.de\/index.php?rest_route=\/wp\/v2\/posts"}],"about":[{"href":"https:\/\/fuer-esslingen.de\/index.php?rest_route=\/wp\/v2\/types\/post"}],"author":[{"embeddable":true,"href":"https:\/\/fuer-esslingen.de\/index.php?rest_route=\/wp\/v2\/users\/1"}],"replies":[{"embeddable":true,"href":"https:\/\/fuer-esslingen.de\/index.php?rest_route=%2Fwp%2Fv2%2Fcomments&post=3614"}],"version-history":[{"count":1,"href":"https:\/\/fuer-esslingen.de\/index.php?rest_route=\/wp\/v2\/posts\/3614\/revisions"}],"predecessor-version":[{"id":3616,"href":"https:\/\/fuer-esslingen.de\/index.php?rest_route=\/wp\/v2\/posts\/3614\/revisions\/3616"}],"wp:attachment":[{"href":"https:\/\/fuer-esslingen.de\/index.php?rest_route=%2Fwp%2Fv2%2Fmedia&parent=3614"}],"wp:term":[{"taxonomy":"category","embeddable":true,"href":"https:\/\/fuer-esslingen.de\/index.php?rest_route=%2Fwp%2Fv2%2Fcategories&post=3614"},{"taxonomy":"post_tag","embeddable":true,"href":"https:\/\/fuer-esslingen.de\/index.php?rest_route=%2Fwp%2Fv2%2Ftags&post=3614"}],"curies":[{"name":"wp","href":"https:\/\/api.w.org\/{rel}","templated":true}]}}