{"id":3623,"date":"2025-05-21T00:29:45","date_gmt":"2025-05-20T22:29:45","guid":{"rendered":"https:\/\/fuer-esslingen.de\/?p=3623"},"modified":"2025-05-21T00:33:31","modified_gmt":"2025-05-20T22:33:31","slug":"beharrlicher-buergerprotest-siegt","status":"publish","type":"post","link":"https:\/\/fuer-esslingen.de\/?p=3623","title":{"rendered":"Beharrlicher B\u00fcrgerprotest siegt!"},"content":{"rendered":"\n<figure class=\"wp-block-image size-large\"><img loading=\"lazy\" decoding=\"async\" width=\"2000\" height=\"485\" src=\"https:\/\/fuer-esslingen.de\/wp-content\/uploads\/2025\/05\/VFL-Post-2-2000x485.jpg\" alt=\"\" class=\"wp-image-3624\" srcset=\"https:\/\/fuer-esslingen.de\/wp-content\/uploads\/2025\/05\/VFL-Post-2-2000x485.jpg 2000w, https:\/\/fuer-esslingen.de\/wp-content\/uploads\/2025\/05\/VFL-Post-2-300x73.jpg 300w, https:\/\/fuer-esslingen.de\/wp-content\/uploads\/2025\/05\/VFL-Post-2-768x186.jpg 768w, https:\/\/fuer-esslingen.de\/wp-content\/uploads\/2025\/05\/VFL-Post-2-1536x372.jpg 1536w, https:\/\/fuer-esslingen.de\/wp-content\/uploads\/2025\/05\/VFL-Post-2-2048x496.jpg 2048w\" sizes=\"auto, (max-width: 2000px) 100vw, 2000px\" \/><figcaption class=\"wp-element-caption\">User comments<\/figcaption><\/figure>\n\n\n\n<p class=\"has-white-background-color has-background\">Sport- und Bolzplatz Traifelbergstra\u00dfe (Zollberg) bleibt komplett erhalten! Der Vertrag mit der Beton- und Immobilienfirma MyGodel wird r\u00fcckabgewickelt! Ebenso wird auf die Bebauung des Sportgel\u00e4nde des TV Hegensberg verzichtet! Das wurde k\u00fcrzlich im Ausschuss f\u00fcr Bauen, Mobilit\u00e4t und Klimaschutz bekannt gegeben. Das ist ein Riesenerfolg f\u00fcr den jahrelangen Protest der Esslinger B\u00fcrger gegen diese umwelt-, jugend- und b\u00fcrgerfeindlichen Bebauungspl\u00e4ne!&nbsp; Hier zeigt sich, dass wenn sich die B\u00fcrger entschieden f\u00fcr ihre berechtigten Forderungen einsetzen und konsequent daran festhalten, dann kann das zum Erfolg f\u00fchren.<\/p>\n\n\n\n<p class=\"has-white-background-color has-background\">Jetzt kommt alles drauf an, dass auch die Bebauung des VfL-Postgel\u00e4ndes verhindert wird und diese Pl\u00e4ne endlich vom Tisch kommen.&nbsp; Denn Esslingen hat vor kurzem die Rote Karte kassiert, wegen katastrophalem Fl\u00e4chenfra\u00df. Esslingen braucht dringend diese gr\u00fcne Lunge in der Pliensauvorstadt, denn hier endet eine wichtige Frischluftschneise und die B\u00e4ume und die gro\u00dfe Rasenfl\u00e4che sorgen f\u00fcr Erfrischung an hei\u00dfen Tagen. Hier k\u00f6nnte ein wundersch\u00f6nes vereinsunabh\u00e4ngiges Sport- und Freizeitgel\u00e4nde entstehen. Dazu m\u00fcsste Esslingens sch\u00f6nste Gartenwirtschaft schleunigst wieder-er\u00f6ffnet werden. Regelm\u00e4\u00dfig kommt dann die ausgeleierte L\u00fcge, dass hier \u201ebezahlbare\u201c Wohnungen entstehen sollen. Bezahlbar f\u00fcr wen?? Die Mietpreise pro Quadratmeter f\u00fcr Neubauwohnungen liegen inzwischen bei 18 \u20ac! <\/p>\n\n\n\n<p class=\"has-white-background-color has-background\">Au\u00dferdem &#8211; was ist mit dem N\u00fcrkareal, mit dem Roser Areal und mit dem Hahn Areal hier k\u00f6nnten massenweise Wohnungen entstehen ohne Neuversiegelung von Gr\u00fcnfl\u00e4chen. Und zwar wirklich bezahlbare Sozialwohnungen f\u00fcr Geringverdiener, Rentner, Kinderreiche und Alleinerziehende !<\/p>\n\n\n\n<p class=\"has-white-background-color has-background\">Kommt zu den geplanten Demonstrationen und Protest-Kundgebungen.<\/p>\n\n\n\n<p><\/p>\n","protected":false},"excerpt":{"rendered":"<p>Sport- und Bolzplatz Traifelbergstra\u00dfe (Zollberg) bleibt komplett erhalten! Der Vertrag mit der Beton- und Immobilienfirma MyGodel wird r\u00fcckabgewickelt! Ebenso wird auf die Bebauung des Sportgel\u00e4nde des TV Hegensberg verzichtet! Das wurde k\u00fcrzlich im Ausschuss f\u00fcr Bauen, Mobilit\u00e4t und Klimaschutz bekannt gegeben. Das ist ein Riesenerfolg f\u00fcr den jahrelangen Protest der Esslinger B\u00fcrger gegen diese umwelt-, &hellip; <a href=\"https:\/\/fuer-esslingen.de\/?p=3623\" class=\"more-link\"><span class=\"screen-reader-text\">Beharrlicher B\u00fcrgerprotest siegt!<\/span> weiterlesen <span class=\"meta-nav\">&rarr;<\/span><\/a><\/p>\n","protected":false},"author":1,"featured_media":0,"comment_status":"closed","ping_status":"closed","sticky":false,"template":"","format":"standard","meta":{"footnotes":""},"categories":[2],"tags":[],"class_list":["post-3623","post","type-post","status-publish","format-standard","hentry","category-aktuell"],"_links":{"self":[{"href":"https:\/\/fuer-esslingen.de\/index.php?rest_route=\/wp\/v2\/posts\/3623","targetHints":{"allow":["GET"]}}],"collection":[{"href":"https:\/\/fuer-esslingen.de\/index.php?rest_route=\/wp\/v2\/posts"}],"about":[{"href":"https:\/\/fuer-esslingen.de\/index.php?rest_route=\/wp\/v2\/types\/post"}],"author":[{"embeddable":true,"href":"https:\/\/fuer-esslingen.de\/index.php?rest_route=\/wp\/v2\/users\/1"}],"replies":[{"embeddable":true,"href":"https:\/\/fuer-esslingen.de\/index.php?rest_route=%2Fwp%2Fv2%2Fcomments&post=3623"}],"version-history":[{"count":2,"href":"https:\/\/fuer-esslingen.de\/index.php?rest_route=\/wp\/v2\/posts\/3623\/revisions"}],"predecessor-version":[{"id":3626,"href":"https:\/\/fuer-esslingen.de\/index.php?rest_route=\/wp\/v2\/posts\/3623\/revisions\/3626"}],"wp:attachment":[{"href":"https:\/\/fuer-esslingen.de\/index.php?rest_route=%2Fwp%2Fv2%2Fmedia&parent=3623"}],"wp:term":[{"taxonomy":"category","embeddable":true,"href":"https:\/\/fuer-esslingen.de\/index.php?rest_route=%2Fwp%2Fv2%2Fcategories&post=3623"},{"taxonomy":"post_tag","embeddable":true,"href":"https:\/\/fuer-esslingen.de\/index.php?rest_route=%2Fwp%2Fv2%2Ftags&post=3623"}],"curies":[{"name":"wp","href":"https:\/\/api.w.org\/{rel}","templated":true}]}}