{"id":3640,"date":"2025-06-18T10:07:09","date_gmt":"2025-06-18T08:07:09","guid":{"rendered":"https:\/\/fuer-esslingen.de\/?p=3640"},"modified":"2025-06-18T10:07:10","modified_gmt":"2025-06-18T08:07:10","slug":"kriegstreiber-stoppen-weltweit","status":"publish","type":"post","link":"https:\/\/fuer-esslingen.de\/?p=3640","title":{"rendered":"Kriegstreiber stoppen \u2013 weltweit!"},"content":{"rendered":"\n<figure class=\"wp-block-image size-full\"><img loading=\"lazy\" decoding=\"async\" width=\"827\" height=\"465\" src=\"https:\/\/fuer-esslingen.de\/wp-content\/uploads\/2025\/06\/Ai-Awda-Krankenhaus.jpeg\" alt=\"\" class=\"wp-image-3641\" srcset=\"https:\/\/fuer-esslingen.de\/wp-content\/uploads\/2025\/06\/Ai-Awda-Krankenhaus.jpeg 827w, https:\/\/fuer-esslingen.de\/wp-content\/uploads\/2025\/06\/Ai-Awda-Krankenhaus-300x169.jpeg 300w, https:\/\/fuer-esslingen.de\/wp-content\/uploads\/2025\/06\/Ai-Awda-Krankenhaus-768x432.jpeg 768w\" sizes=\"auto, (max-width: 827px) 100vw, 827px\" \/><\/figure>\n\n\n\n<p>Israelische Armee greift das Al Awda Krankenhaus an und erzwingt die Zwangsevakuierung. Eines der letzten funktionierenden Krankenh\u00e4user im n\u00f6rdlichen Gazastreifen. (Screenshot)<\/p>\n\n\n\n<p>Wir sind entsetzt, betroffen und emp\u00f6rt, \u00fcber die sprunghaft zunehmenden kriegerischen Auseinandersetzungen auf der ganzen Welt: Tod Elend und Leid f\u00fcr Millionen Menschen \u2013 Ein barbarisches Geschehen! &nbsp;&nbsp;Der provokative Angriff Israels auf den Iran ist eindeutig v\u00f6lkerrechtswidrig. Genauso v\u00f6lkerrechtswidrig, wie Putins Angriff auf die Ukraine.<\/p>\n\n\n\n<p>Dass nun vor Ort und international, das Thema Gaza aus dem Focus ger\u00e4t, muss allen Menschenfreunden ein Gr\u00e4uel sein \u2013 in Gaza geschieht ein regelrechter V\u00f6lkermord.<\/p>\n\n\n\n<p>Es muss Schluss sein mit der Unterst\u00fctzung der Gro\u00dfmacht-Bestrebungen des Netanjahu-Regimes mit dem Ziel, ein Gro\u00df-Israel zu schaffen! Frauen und Kinder im Gaza-Streifen verhungern nicht nur, sie werden kaltbl\u00fctig ermordet. Und der islamistisch-faschistische Iran wird bombardiert, weil Israel selber die Vormachtstellung im Nahen Osten erringen will.&nbsp; Das muss beendet werden! Deshalb: Keine Waffenlieferungen an das israelische Regime!<\/p>\n\n\n\n<p>Als das Al-Awda-Krankenhaus am 23.5. brannte, nachdem es von israelischen Drohnen angegriffen worden war, wandte sich Dr. Raffad, Generaldirektor eines der letzten noch arbeitenden Gesundheitszentren im Gaza-Streifen an die Welt\u00f6ffentlichkeit. Seither organisiert Solidarit\u00e4t International eine Spendensammlung f\u00fcr Medizinische Soforthilfe. Unter dem Motto \u201eGaza soll leben\u201c sollen die Gesundheitszentren Al Awda wieder aufgebaut und gesch\u00fctzt werden! Am Schw\u00f6rfest wird Solidarit\u00e4t International einen Stand mit Spendensammlung f\u00fcr diese Gesundheitszentren machen.M an kann sich dort informieren und spenden. Spendenkonto:<\/p>\n\n\n\n<p>\u201eGaza soll leben\u201c IBAN: DE86 5019 0000 6100 8005 84 BIC: FFVBDEFF<\/p>\n\n\n\n<p>Kontoinhaber Solidarit\u00e4t International e.V.<\/p>\n","protected":false},"excerpt":{"rendered":"<p>Israelische Armee greift das Al Awda Krankenhaus an und erzwingt die Zwangsevakuierung. Eines der letzten funktionierenden Krankenh\u00e4user im n\u00f6rdlichen Gazastreifen. (Screenshot) Wir sind entsetzt, betroffen und emp\u00f6rt, \u00fcber die sprunghaft zunehmenden kriegerischen Auseinandersetzungen auf der ganzen Welt: Tod Elend und Leid f\u00fcr Millionen Menschen \u2013 Ein barbarisches Geschehen! &nbsp;&nbsp;Der provokative Angriff Israels auf den Iran &hellip; <a href=\"https:\/\/fuer-esslingen.de\/?p=3640\" class=\"more-link\"><span class=\"screen-reader-text\">Kriegstreiber stoppen \u2013 weltweit!<\/span> weiterlesen <span class=\"meta-nav\">&rarr;<\/span><\/a><\/p>\n","protected":false},"author":1,"featured_media":0,"comment_status":"closed","ping_status":"closed","sticky":false,"template":"","format":"standard","meta":{"footnotes":""},"categories":[2],"tags":[],"class_list":["post-3640","post","type-post","status-publish","format-standard","hentry","category-aktuell"],"_links":{"self":[{"href":"https:\/\/fuer-esslingen.de\/index.php?rest_route=\/wp\/v2\/posts\/3640","targetHints":{"allow":["GET"]}}],"collection":[{"href":"https:\/\/fuer-esslingen.de\/index.php?rest_route=\/wp\/v2\/posts"}],"about":[{"href":"https:\/\/fuer-esslingen.de\/index.php?rest_route=\/wp\/v2\/types\/post"}],"author":[{"embeddable":true,"href":"https:\/\/fuer-esslingen.de\/index.php?rest_route=\/wp\/v2\/users\/1"}],"replies":[{"embeddable":true,"href":"https:\/\/fuer-esslingen.de\/index.php?rest_route=%2Fwp%2Fv2%2Fcomments&post=3640"}],"version-history":[{"count":1,"href":"https:\/\/fuer-esslingen.de\/index.php?rest_route=\/wp\/v2\/posts\/3640\/revisions"}],"predecessor-version":[{"id":3642,"href":"https:\/\/fuer-esslingen.de\/index.php?rest_route=\/wp\/v2\/posts\/3640\/revisions\/3642"}],"wp:attachment":[{"href":"https:\/\/fuer-esslingen.de\/index.php?rest_route=%2Fwp%2Fv2%2Fmedia&parent=3640"}],"wp:term":[{"taxonomy":"category","embeddable":true,"href":"https:\/\/fuer-esslingen.de\/index.php?rest_route=%2Fwp%2Fv2%2Fcategories&post=3640"},{"taxonomy":"post_tag","embeddable":true,"href":"https:\/\/fuer-esslingen.de\/index.php?rest_route=%2Fwp%2Fv2%2Ftags&post=3640"}],"curies":[{"name":"wp","href":"https:\/\/api.w.org\/{rel}","templated":true}]}}