{"id":3681,"date":"2025-08-02T01:12:16","date_gmt":"2025-08-01T23:12:16","guid":{"rendered":"https:\/\/fuer-esslingen.de\/?p=3681"},"modified":"2025-08-02T01:12:17","modified_gmt":"2025-08-01T23:12:17","slug":"stadtverwaltung-will-unterschriftensammlung-behindern","status":"publish","type":"post","link":"https:\/\/fuer-esslingen.de\/?p=3681","title":{"rendered":"Stadtverwaltung will Unterschriftensammlung behindern!"},"content":{"rendered":"\n<figure class=\"wp-block-image size-large\"><img loading=\"lazy\" decoding=\"async\" width=\"2000\" height=\"1394\" src=\"https:\/\/fuer-esslingen.de\/wp-content\/uploads\/2025\/08\/Unterschriftenliste-2000x1394.jpg\" alt=\"\" class=\"wp-image-3682\" srcset=\"https:\/\/fuer-esslingen.de\/wp-content\/uploads\/2025\/08\/Unterschriftenliste-2000x1394.jpg 2000w, https:\/\/fuer-esslingen.de\/wp-content\/uploads\/2025\/08\/Unterschriftenliste-300x209.jpg 300w, https:\/\/fuer-esslingen.de\/wp-content\/uploads\/2025\/08\/Unterschriftenliste-768x535.jpg 768w, https:\/\/fuer-esslingen.de\/wp-content\/uploads\/2025\/08\/Unterschriftenliste-1536x1071.jpg 1536w, https:\/\/fuer-esslingen.de\/wp-content\/uploads\/2025\/08\/Unterschriftenliste-2048x1427.jpg 2048w\" sizes=\"auto, (max-width: 2000px) 100vw, 2000px\" \/><\/figure>\n\n\n\n<p class=\"has-white-background-color has-background\">Die Vertrauensleute f\u00fcr das B\u00fcrgerbegehren zum B\u00fcchereistandort erhielten ein Schreiben vom Ordnungsamt mit grob rechtswidrigen Anordnungen, die eindeutig eine Behinderung der gesetzlich vorgeschriebenen Unterschriftensammlung darstellen. So hei\u00dft es in dem Brief z.B.: \u201eEine Verteilung von Flyern ohne ein kleines Pr\u00e4sent wird im Bereich der Fu\u00dfg\u00e4ngerzonen grunds\u00e4tzlich nicht zugelassen\u2026\u201c Dass ist grundgesetzwidriger Unsinn, denn:\u201c Das Verteilen politischer Flugbl\u00e4tter bedarf keiner Sondernutzungserlaubnis, auch muss die Ordnungsbeh\u00f6rde nicht im Vorfeld informiert werden.\u201c <\/p>\n\n\n\n<p class=\"has-white-background-color has-background\">Weiter schreibt die Stadtverwaltung: \u201eDie Ansprache von Passanten ohne einen Informationsstand oder die Verteilung von Flyern h\u00e4lt die Stadtverwaltung f\u00fcr kritisch\u201c, Auch hier ist die Rechtslage eindeutig:\u00a0 \u201ePassantinnen und Passanten ein Flugblatt anzubieten ist daher erlaubt, auch sie anzusprechen ist nicht verboten.\u201c (<a href=\"https:\/\/www.versammlungsrecht.org\/flugbla%CC%88tter\/\">https:\/\/www.versammlungsrecht.org\/flugbla%CC%88tter\/<\/a>)<\/p>\n\n\n\n<p class=\"has-white-background-color has-background\">Die Stadtverwaltung wollte das Unterschriftensammeln auf Infost\u00e4nde beschr\u00e4nken und der B\u00fcrgermeister wollte beim B\u00fcrgerfest das Sammeln vor dem Rathaus verbieten. Aber auch hier gilt:<\/p>\n\n\n\n<p class=\"has-white-background-color has-background\">\u201eDie Art der Unterschriftensammlung ist frei.\u201c &nbsp;Dazu sind Infost\u00e4nde in der Fu\u00dfg\u00e4ngerzone m\u00f6glich. \u201eGesammelt werden kann aber auch bei Haus- und Wohnungsbesuchen, Stra\u00dfenfesten, auf M\u00e4rkten, bei Sportveranstaltungen, vor \u00d6ffentlichen Geb\u00e4uden mit Publikumsverkehr\u201c (s. Mehr Demokratie wagen)<\/p>\n\n\n\n<p class=\"has-white-background-color has-background\">Wir protestieren entschieden gegen jeden Versuch die Unterschriftensammlung zu behindern und unsere demokratischen Rechte einzuschr\u00e4nken. Und wir rufen dazu auf: Unterst\u00fctzt die Unterschriftensammlung f\u00fcr das B\u00fcrgerbegehren<\/p>\n","protected":false},"excerpt":{"rendered":"<p>Die Vertrauensleute f\u00fcr das B\u00fcrgerbegehren zum B\u00fcchereistandort erhielten ein Schreiben vom Ordnungsamt mit grob rechtswidrigen Anordnungen, die eindeutig eine Behinderung der gesetzlich vorgeschriebenen Unterschriftensammlung darstellen. So hei\u00dft es in dem Brief z.B.: \u201eEine Verteilung von Flyern ohne ein kleines Pr\u00e4sent wird im Bereich der Fu\u00dfg\u00e4ngerzonen grunds\u00e4tzlich nicht zugelassen\u2026\u201c Dass ist grundgesetzwidriger Unsinn, denn:\u201c Das Verteilen &hellip; <a href=\"https:\/\/fuer-esslingen.de\/?p=3681\" class=\"more-link\"><span class=\"screen-reader-text\">Stadtverwaltung will Unterschriftensammlung behindern!<\/span> weiterlesen <span class=\"meta-nav\">&rarr;<\/span><\/a><\/p>\n","protected":false},"author":1,"featured_media":0,"comment_status":"closed","ping_status":"closed","sticky":false,"template":"","format":"standard","meta":{"footnotes":""},"categories":[2],"tags":[],"class_list":["post-3681","post","type-post","status-publish","format-standard","hentry","category-aktuell"],"_links":{"self":[{"href":"https:\/\/fuer-esslingen.de\/index.php?rest_route=\/wp\/v2\/posts\/3681","targetHints":{"allow":["GET"]}}],"collection":[{"href":"https:\/\/fuer-esslingen.de\/index.php?rest_route=\/wp\/v2\/posts"}],"about":[{"href":"https:\/\/fuer-esslingen.de\/index.php?rest_route=\/wp\/v2\/types\/post"}],"author":[{"embeddable":true,"href":"https:\/\/fuer-esslingen.de\/index.php?rest_route=\/wp\/v2\/users\/1"}],"replies":[{"embeddable":true,"href":"https:\/\/fuer-esslingen.de\/index.php?rest_route=%2Fwp%2Fv2%2Fcomments&post=3681"}],"version-history":[{"count":1,"href":"https:\/\/fuer-esslingen.de\/index.php?rest_route=\/wp\/v2\/posts\/3681\/revisions"}],"predecessor-version":[{"id":3683,"href":"https:\/\/fuer-esslingen.de\/index.php?rest_route=\/wp\/v2\/posts\/3681\/revisions\/3683"}],"wp:attachment":[{"href":"https:\/\/fuer-esslingen.de\/index.php?rest_route=%2Fwp%2Fv2%2Fmedia&parent=3681"}],"wp:term":[{"taxonomy":"category","embeddable":true,"href":"https:\/\/fuer-esslingen.de\/index.php?rest_route=%2Fwp%2Fv2%2Fcategories&post=3681"},{"taxonomy":"post_tag","embeddable":true,"href":"https:\/\/fuer-esslingen.de\/index.php?rest_route=%2Fwp%2Fv2%2Ftags&post=3681"}],"curies":[{"name":"wp","href":"https:\/\/api.w.org\/{rel}","templated":true}]}}