{"id":3684,"date":"2025-08-03T01:46:11","date_gmt":"2025-08-02T23:46:11","guid":{"rendered":"https:\/\/fuer-esslingen.de\/?p=3684"},"modified":"2025-08-07T23:59:46","modified_gmt":"2025-08-07T21:59:46","slug":"solidaritaet-mit-dem-kampf-der-bosch-kollegen","status":"publish","type":"post","link":"https:\/\/fuer-esslingen.de\/?p=3684","title":{"rendered":"Solidarit\u00e4t mit dem Kampf der Bosch-Belegschaft!"},"content":{"rendered":"\n<p><\/p>\n\n\n\n<p class=\"has-white-background-color has-background\">Der Bosch Konzern f\u00e4hrt schon seit einiger Zeit massive Angriffe auf die Besch\u00e4ftigten. Weltweit sind 15 000 Arbeitspl\u00e4tze bedroht in Deutschland 7 000. Arbeitsplatzvernichtung in Reutlingen , Gm\u00fcnd, Schwieberdingen und Leonberg. Im Kreis Esslingen gibt es 3 Bosch-Betriebe : Plochingen, Wernau und aktuell besonders betroffen das Werk in Leinfelden-Echterdingen: Die Produktion von Bosch Power-Tools (Elektrowerkzeuge) soll komplett in das Niedriglohn- und Steuer-Paradies nach Ungarn zum Faschisten und Putin-Freund Viktor Orban verlagert werden. Von den Pl\u00e4nen sind sicher auch Arbeitspl\u00e4tze von Esslinger B\u00fcrgern direkt oder indirekt betroffen.  Auch die Produktion im Schwesterbetrieb in Sebnitz\/Sachsen soll abgewickelt und nach Ungarn verlegt werden. Neben dem bereits laufenden Stellenabbau von 480 Ingenieuren, sollen 230 Arbeiter in Leinfelden und 280 Arbeiter in Sebnitz ihre Arbeit verlieren.<\/p>\n\n\n\n<p class=\"has-white-background-color has-background\">Der Bosch-Konzern hat in den letzten Jahren enorm expandiert und riesige Profite eingefahren und zus\u00e4tzlich enorme Subventionen von der EU und der Bundesregierung kassiert. Dass genug Geld da ist, zeigen die kostspieligen Verlagerungspl\u00e4ne und aktuell die \u00dcbernahme von Johnson Controls f\u00fcr 8 Milliarden Dollar. Das ist die gr\u00f6\u00dfte \u00dcbernahme in der Firmengeschichte. Die Boschkollegen haben allen Grund entschieden f\u00fcr den Erhalt ihrer Arbeitspl\u00e4tze zu k\u00e4mpfen. Bereits im Mai fand in Leinfelden ein konzernweiter Aktionstag mit Delegationen aus ganz Baden-W\u00fcrttemberg statt. Die Boschler lassen sich nicht gegeneinander ausspielen, sondern organisieren die konzernweite Solidarit\u00e4t. So waren die Esslinger Kollegen zu Besuch bei der Protestkundgebung in Sebnitz und brachten folgenden selbstgedichteten Protestsong mit.<\/p>\n\n\n\n<figure class=\"wp-block-image size-full\"><img loading=\"lazy\" decoding=\"async\" width=\"918\" height=\"1135\" src=\"https:\/\/fuer-esslingen.de\/wp-content\/uploads\/2025\/08\/Bosch-Song-Text.jpg\" alt=\"\" class=\"wp-image-3685\" srcset=\"https:\/\/fuer-esslingen.de\/wp-content\/uploads\/2025\/08\/Bosch-Song-Text.jpg 918w, https:\/\/fuer-esslingen.de\/wp-content\/uploads\/2025\/08\/Bosch-Song-Text-243x300.jpg 243w, https:\/\/fuer-esslingen.de\/wp-content\/uploads\/2025\/08\/Bosch-Song-Text-768x950.jpg 768w\" sizes=\"auto, (max-width: 918px) 100vw, 918px\" \/><\/figure>\n\n\n\n<p class=\"has-white-background-color has-background\">Hier das Video von der Protestkundgebung in Sebnitz. F\u00dcR Esslingen schickt solidarische Gr\u00fc\u00dfe an die Bosch -Kollegen und w\u00fcnscht viel Erfolg im Kampf um jeden Arbeitsplatz!<\/p>\n\n\n\n<figure class=\"wp-block-embed is-type-video is-provider-youtube wp-block-embed-youtube wp-embed-aspect-16-9 wp-has-aspect-ratio\"><div class=\"wp-block-embed__wrapper\">\n<iframe loading=\"lazy\" title=\"Bosch: Kampf um jeden Arbeitsplatz!\" width=\"604\" height=\"340\" src=\"https:\/\/www.youtube.com\/embed\/1CQU0_AVx6Q?feature=oembed\" frameborder=\"0\" allow=\"accelerometer; autoplay; clipboard-write; encrypted-media; gyroscope; picture-in-picture; web-share\" referrerpolicy=\"strict-origin-when-cross-origin\" allowfullscreen><\/iframe>\n<\/div><\/figure>\n","protected":false},"excerpt":{"rendered":"<p>Der Bosch Konzern f\u00e4hrt schon seit einiger Zeit massive Angriffe auf die Besch\u00e4ftigten. Weltweit sind 15 000 Arbeitspl\u00e4tze bedroht in Deutschland 7 000. Arbeitsplatzvernichtung in Reutlingen , Gm\u00fcnd, Schwieberdingen und Leonberg. Im Kreis Esslingen gibt es 3 Bosch-Betriebe : Plochingen, Wernau und aktuell besonders betroffen das Werk in Leinfelden-Echterdingen: Die Produktion von Bosch Power-Tools (Elektrowerkzeuge) &hellip; <a href=\"https:\/\/fuer-esslingen.de\/?p=3684\" class=\"more-link\"><span class=\"screen-reader-text\">Solidarit\u00e4t mit dem Kampf der Bosch-Belegschaft!<\/span> weiterlesen <span class=\"meta-nav\">&rarr;<\/span><\/a><\/p>\n","protected":false},"author":1,"featured_media":0,"comment_status":"closed","ping_status":"closed","sticky":false,"template":"","format":"standard","meta":{"footnotes":""},"categories":[19],"tags":[],"class_list":["post-3684","post","type-post","status-publish","format-standard","hentry","category-konzert"],"_links":{"self":[{"href":"https:\/\/fuer-esslingen.de\/index.php?rest_route=\/wp\/v2\/posts\/3684","targetHints":{"allow":["GET"]}}],"collection":[{"href":"https:\/\/fuer-esslingen.de\/index.php?rest_route=\/wp\/v2\/posts"}],"about":[{"href":"https:\/\/fuer-esslingen.de\/index.php?rest_route=\/wp\/v2\/types\/post"}],"author":[{"embeddable":true,"href":"https:\/\/fuer-esslingen.de\/index.php?rest_route=\/wp\/v2\/users\/1"}],"replies":[{"embeddable":true,"href":"https:\/\/fuer-esslingen.de\/index.php?rest_route=%2Fwp%2Fv2%2Fcomments&post=3684"}],"version-history":[{"count":2,"href":"https:\/\/fuer-esslingen.de\/index.php?rest_route=\/wp\/v2\/posts\/3684\/revisions"}],"predecessor-version":[{"id":3691,"href":"https:\/\/fuer-esslingen.de\/index.php?rest_route=\/wp\/v2\/posts\/3684\/revisions\/3691"}],"wp:attachment":[{"href":"https:\/\/fuer-esslingen.de\/index.php?rest_route=%2Fwp%2Fv2%2Fmedia&parent=3684"}],"wp:term":[{"taxonomy":"category","embeddable":true,"href":"https:\/\/fuer-esslingen.de\/index.php?rest_route=%2Fwp%2Fv2%2Fcategories&post=3684"},{"taxonomy":"post_tag","embeddable":true,"href":"https:\/\/fuer-esslingen.de\/index.php?rest_route=%2Fwp%2Fv2%2Ftags&post=3684"}],"curies":[{"name":"wp","href":"https:\/\/api.w.org\/{rel}","templated":true}]}}