{"id":3692,"date":"2025-08-10T01:19:35","date_gmt":"2025-08-09T23:19:35","guid":{"rendered":"https:\/\/fuer-esslingen.de\/?p=3692"},"modified":"2025-08-10T11:56:10","modified_gmt":"2025-08-10T09:56:10","slug":"sonntagskonzert-10-8-2025","status":"publish","type":"post","link":"https:\/\/fuer-esslingen.de\/?p=3692","title":{"rendered":"Sonntagskonzert 10.8.2025"},"content":{"rendered":"\n<p><strong>F\u00dcR- Esslingen w\u00fcnscht fr\u00f6hliche und erholsame Urlaubstage und ein solidarisches Miteinander gegen &#8222;die da oben &#8222;!<\/strong><\/p>\n\n\n\n<figure class=\"wp-block-embed is-type-video is-provider-youtube wp-block-embed-youtube wp-embed-aspect-16-9 wp-has-aspect-ratio\"><div class=\"wp-block-embed__wrapper\">\n<iframe loading=\"lazy\" title=\"Zupfgeigenhansel - Miteinander (Live bei &quot;Nacht der Lieder&quot; 1982 - 4\/6)\" width=\"604\" height=\"340\" src=\"https:\/\/www.youtube.com\/embed\/H2QcN-_7xgI?feature=oembed\" frameborder=\"0\" allow=\"accelerometer; autoplay; clipboard-write; encrypted-media; gyroscope; picture-in-picture; web-share\" referrerpolicy=\"strict-origin-when-cross-origin\" allowfullscreen><\/iframe>\n<\/div><\/figure>\n","protected":false},"excerpt":{"rendered":"<p>F\u00dcR- Esslingen w\u00fcnscht fr\u00f6hliche und erholsame Urlaubstage und ein solidarisches Miteinander gegen &#8222;die da oben &#8222;!<\/p>\n","protected":false},"author":1,"featured_media":0,"comment_status":"closed","ping_status":"closed","sticky":false,"template":"","format":"standard","meta":{"footnotes":""},"categories":[19],"tags":[],"class_list":["post-3692","post","type-post","status-publish","format-standard","hentry","category-konzert"],"_links":{"self":[{"href":"https:\/\/fuer-esslingen.de\/index.php?rest_route=\/wp\/v2\/posts\/3692","targetHints":{"allow":["GET"]}}],"collection":[{"href":"https:\/\/fuer-esslingen.de\/index.php?rest_route=\/wp\/v2\/posts"}],"about":[{"href":"https:\/\/fuer-esslingen.de\/index.php?rest_route=\/wp\/v2\/types\/post"}],"author":[{"embeddable":true,"href":"https:\/\/fuer-esslingen.de\/index.php?rest_route=\/wp\/v2\/users\/1"}],"replies":[{"embeddable":true,"href":"https:\/\/fuer-esslingen.de\/index.php?rest_route=%2Fwp%2Fv2%2Fcomments&post=3692"}],"version-history":[{"count":2,"href":"https:\/\/fuer-esslingen.de\/index.php?rest_route=\/wp\/v2\/posts\/3692\/revisions"}],"predecessor-version":[{"id":3695,"href":"https:\/\/fuer-esslingen.de\/index.php?rest_route=\/wp\/v2\/posts\/3692\/revisions\/3695"}],"wp:attachment":[{"href":"https:\/\/fuer-esslingen.de\/index.php?rest_route=%2Fwp%2Fv2%2Fmedia&parent=3692"}],"wp:term":[{"taxonomy":"category","embeddable":true,"href":"https:\/\/fuer-esslingen.de\/index.php?rest_route=%2Fwp%2Fv2%2Fcategories&post=3692"},{"taxonomy":"post_tag","embeddable":true,"href":"https:\/\/fuer-esslingen.de\/index.php?rest_route=%2Fwp%2Fv2%2Ftags&post=3692"}],"curies":[{"name":"wp","href":"https:\/\/api.w.org\/{rel}","templated":true}]}}