{"id":3697,"date":"2025-08-17T00:34:05","date_gmt":"2025-08-16T22:34:05","guid":{"rendered":"https:\/\/fuer-esslingen.de\/?p=3697"},"modified":"2025-08-17T00:35:24","modified_gmt":"2025-08-16T22:35:24","slug":"sonntagskonzert-vom-17-8-2025-mikis-theodorakis-zum-100-geburtstag","status":"publish","type":"post","link":"https:\/\/fuer-esslingen.de\/?p=3697","title":{"rendered":"Sonntagskonzert vom 17.8. 2025: Mikis Theodorakis zum 100. Geburtstag"},"content":{"rendered":"\n<p>Vor 100 Jahren, am 29. Juli 1925, wurde auf der griechischen Insel Chios Mikis Theodorakis geboren. Als er am 2. September 2021 starb, trauerte die Welt um einen gro\u00dfen griechischen Kommunisten und Musiker. Seine zahllosen Lieder und sonstigen Kompositionen st\u00e4rkten Jahrzehnte den Befreiungskampf der Arbeiterklasse und der V\u00f6lker gegen Ausbeutung und Unterdr\u00fcckung &#8211; und tun dies bis heute.<\/p>\n\n\n\n<p>Mikis Theodorakis wurde im August 1967 verhaftet und verbrachte bis zu seiner Flucht nach Paris Monate und Jahre in Gef\u00e4ngnissen, Konzentrationslagern und in einem abgelegenen Bergdorf unter Hausarrest. 1974 gelang es den Massen, die Junta zu st\u00fcrzen. Mit einem\u00a0<a href=\"https:\/\/www.youtube.com\/watch?v=fJYMX69pgWE\" target=\"_blank\" rel=\"noreferrer noopener\">gro\u00dfen Theodorakis-Konzert<\/a>\u00a0wurde das gefeiert.\u00a0Hier ein Ausschnitt aus diesem Konzert: (Teil 1 und 2 sind ebenfalls auf YouTube zu finden.)<\/p>\n\n\n\n<figure class=\"wp-block-embed is-type-video is-provider-youtube wp-block-embed-youtube wp-embed-aspect-4-3 wp-has-aspect-ratio\"><div class=\"wp-block-embed__wrapper\">\n<iframe loading=\"lazy\" title=\"Mikis Theodorakis 1974   erstes \u00f6ffentliches Konzert im Karaiskakis Stadion Athen 3 3\" width=\"604\" height=\"453\" src=\"https:\/\/www.youtube.com\/embed\/fJYMX69pgWE?feature=oembed\" frameborder=\"0\" allow=\"accelerometer; autoplay; clipboard-write; encrypted-media; gyroscope; picture-in-picture; web-share\" referrerpolicy=\"strict-origin-when-cross-origin\" allowfullscreen><\/iframe>\n<\/div><\/figure>\n","protected":false},"excerpt":{"rendered":"<p>Vor 100 Jahren, am 29. Juli 1925, wurde auf der griechischen Insel Chios Mikis Theodorakis geboren. Als er am 2. September 2021 starb, trauerte die Welt um einen gro\u00dfen griechischen Kommunisten und Musiker. Seine zahllosen Lieder und sonstigen Kompositionen st\u00e4rkten Jahrzehnte den Befreiungskampf der Arbeiterklasse und der V\u00f6lker gegen Ausbeutung und Unterdr\u00fcckung &#8211; und tun &hellip; <a href=\"https:\/\/fuer-esslingen.de\/?p=3697\" class=\"more-link\"><span class=\"screen-reader-text\">Sonntagskonzert vom 17.8. 2025: Mikis Theodorakis zum 100. Geburtstag<\/span> weiterlesen <span class=\"meta-nav\">&rarr;<\/span><\/a><\/p>\n","protected":false},"author":1,"featured_media":0,"comment_status":"closed","ping_status":"closed","sticky":false,"template":"","format":"standard","meta":{"footnotes":""},"categories":[2,19],"tags":[],"class_list":["post-3697","post","type-post","status-publish","format-standard","hentry","category-aktuell","category-konzert"],"_links":{"self":[{"href":"https:\/\/fuer-esslingen.de\/index.php?rest_route=\/wp\/v2\/posts\/3697","targetHints":{"allow":["GET"]}}],"collection":[{"href":"https:\/\/fuer-esslingen.de\/index.php?rest_route=\/wp\/v2\/posts"}],"about":[{"href":"https:\/\/fuer-esslingen.de\/index.php?rest_route=\/wp\/v2\/types\/post"}],"author":[{"embeddable":true,"href":"https:\/\/fuer-esslingen.de\/index.php?rest_route=\/wp\/v2\/users\/1"}],"replies":[{"embeddable":true,"href":"https:\/\/fuer-esslingen.de\/index.php?rest_route=%2Fwp%2Fv2%2Fcomments&post=3697"}],"version-history":[{"count":1,"href":"https:\/\/fuer-esslingen.de\/index.php?rest_route=\/wp\/v2\/posts\/3697\/revisions"}],"predecessor-version":[{"id":3698,"href":"https:\/\/fuer-esslingen.de\/index.php?rest_route=\/wp\/v2\/posts\/3697\/revisions\/3698"}],"wp:attachment":[{"href":"https:\/\/fuer-esslingen.de\/index.php?rest_route=%2Fwp%2Fv2%2Fmedia&parent=3697"}],"wp:term":[{"taxonomy":"category","embeddable":true,"href":"https:\/\/fuer-esslingen.de\/index.php?rest_route=%2Fwp%2Fv2%2Fcategories&post=3697"},{"taxonomy":"post_tag","embeddable":true,"href":"https:\/\/fuer-esslingen.de\/index.php?rest_route=%2Fwp%2Fv2%2Ftags&post=3697"}],"curies":[{"name":"wp","href":"https:\/\/api.w.org\/{rel}","templated":true}]}}