{"id":3699,"date":"2025-08-24T10:30:47","date_gmt":"2025-08-24T08:30:47","guid":{"rendered":"https:\/\/fuer-esslingen.de\/?p=3699"},"modified":"2025-08-25T18:37:25","modified_gmt":"2025-08-25T16:37:25","slug":"sonntagskonzert-24-8-2025","status":"publish","type":"post","link":"https:\/\/fuer-esslingen.de\/?p=3699","title":{"rendered":"Sonntagskonzert 24.8.2025"},"content":{"rendered":"\n<p>Vor fast 40 Jahren verfasste Reinhard Mey das Lied &#8222;Nein meine S\u00f6hne geb ich nicht!&#8220;  Heute wieder brandaktuell angesichts der Pl\u00e4ne die Wehrpflicht wieder einzuf\u00fchren. Hier eine Neuauflage von verschiedenen K\u00fcnstlern:<\/p>\n\n\n\n<figure class=\"wp-block-embed is-type-video is-provider-youtube wp-block-embed-youtube wp-embed-aspect-16-9 wp-has-aspect-ratio\"><div class=\"wp-block-embed__wrapper\">\n<iframe loading=\"lazy\" title=\"Reinhard Mey &amp; Freunde - Nein, meine S\u00f6hne geb ich nicht\" width=\"604\" height=\"340\" src=\"https:\/\/www.youtube.com\/embed\/TsZdm_Na3D8?feature=oembed\" frameborder=\"0\" allow=\"accelerometer; autoplay; clipboard-write; encrypted-media; gyroscope; picture-in-picture; web-share\" referrerpolicy=\"strict-origin-when-cross-origin\" allowfullscreen><\/iframe>\n<\/div><\/figure>\n\n\n\n<p>Eine Frauengruppe des  Frauenverbands Courage hat diesen Text auf die Melodie von Reinhard Mey gedichtet:<\/p>\n\n\n\n<figure class=\"wp-block-image size-large\"><img loading=\"lazy\" decoding=\"async\" width=\"824\" height=\"2000\" src=\"https:\/\/fuer-esslingen.de\/wp-content\/uploads\/2025\/08\/Lied-Text-Nein-meine-Soehne-geb-ich-nicht-824x2000.jpg\" alt=\"\" class=\"wp-image-3700\" srcset=\"https:\/\/fuer-esslingen.de\/wp-content\/uploads\/2025\/08\/Lied-Text-Nein-meine-Soehne-geb-ich-nicht-824x2000.jpg 824w, https:\/\/fuer-esslingen.de\/wp-content\/uploads\/2025\/08\/Lied-Text-Nein-meine-Soehne-geb-ich-nicht-124x300.jpg 124w, https:\/\/fuer-esslingen.de\/wp-content\/uploads\/2025\/08\/Lied-Text-Nein-meine-Soehne-geb-ich-nicht-768x1863.jpg 768w, https:\/\/fuer-esslingen.de\/wp-content\/uploads\/2025\/08\/Lied-Text-Nein-meine-Soehne-geb-ich-nicht-633x1536.jpg 633w, https:\/\/fuer-esslingen.de\/wp-content\/uploads\/2025\/08\/Lied-Text-Nein-meine-Soehne-geb-ich-nicht-844x2048.jpg 844w, https:\/\/fuer-esslingen.de\/wp-content\/uploads\/2025\/08\/Lied-Text-Nein-meine-Soehne-geb-ich-nicht-scaled.jpg 1055w\" sizes=\"auto, (max-width: 824px) 100vw, 824px\" \/><\/figure>\n","protected":false},"excerpt":{"rendered":"<p>Vor fast 40 Jahren verfasste Reinhard Mey das Lied &#8222;Nein meine S\u00f6hne geb ich nicht!&#8220; Heute wieder brandaktuell angesichts der Pl\u00e4ne die Wehrpflicht wieder einzuf\u00fchren. Hier eine Neuauflage von verschiedenen K\u00fcnstlern: Eine Frauengruppe des Frauenverbands Courage hat diesen Text auf die Melodie von Reinhard Mey gedichtet:<\/p>\n","protected":false},"author":1,"featured_media":0,"comment_status":"closed","ping_status":"closed","sticky":false,"template":"","format":"standard","meta":{"footnotes":""},"categories":[2],"tags":[],"class_list":["post-3699","post","type-post","status-publish","format-standard","hentry","category-aktuell"],"_links":{"self":[{"href":"https:\/\/fuer-esslingen.de\/index.php?rest_route=\/wp\/v2\/posts\/3699","targetHints":{"allow":["GET"]}}],"collection":[{"href":"https:\/\/fuer-esslingen.de\/index.php?rest_route=\/wp\/v2\/posts"}],"about":[{"href":"https:\/\/fuer-esslingen.de\/index.php?rest_route=\/wp\/v2\/types\/post"}],"author":[{"embeddable":true,"href":"https:\/\/fuer-esslingen.de\/index.php?rest_route=\/wp\/v2\/users\/1"}],"replies":[{"embeddable":true,"href":"https:\/\/fuer-esslingen.de\/index.php?rest_route=%2Fwp%2Fv2%2Fcomments&post=3699"}],"version-history":[{"count":3,"href":"https:\/\/fuer-esslingen.de\/index.php?rest_route=\/wp\/v2\/posts\/3699\/revisions"}],"predecessor-version":[{"id":3705,"href":"https:\/\/fuer-esslingen.de\/index.php?rest_route=\/wp\/v2\/posts\/3699\/revisions\/3705"}],"wp:attachment":[{"href":"https:\/\/fuer-esslingen.de\/index.php?rest_route=%2Fwp%2Fv2%2Fmedia&parent=3699"}],"wp:term":[{"taxonomy":"category","embeddable":true,"href":"https:\/\/fuer-esslingen.de\/index.php?rest_route=%2Fwp%2Fv2%2Fcategories&post=3699"},{"taxonomy":"post_tag","embeddable":true,"href":"https:\/\/fuer-esslingen.de\/index.php?rest_route=%2Fwp%2Fv2%2Ftags&post=3699"}],"curies":[{"name":"wp","href":"https:\/\/api.w.org\/{rel}","templated":true}]}}