{"id":3726,"date":"2025-10-17T10:09:42","date_gmt":"2025-10-17T08:09:42","guid":{"rendered":"https:\/\/fuer-esslingen.de\/?p=3726"},"modified":"2025-10-17T10:09:44","modified_gmt":"2025-10-17T08:09:44","slug":"fuer-gemeinderat-zoellner-zur-ganztagsbetreuung","status":"publish","type":"post","link":"https:\/\/fuer-esslingen.de\/?p=3726","title":{"rendered":"F\u00dcR-Gemeinderat Z\u00f6llner zur Ganztagsbetreuung:"},"content":{"rendered":"\n<figure class=\"wp-block-image size-full is-resized\"><img loading=\"lazy\" decoding=\"async\" width=\"510\" height=\"340\" src=\"https:\/\/fuer-esslingen.de\/wp-content\/uploads\/2025\/10\/image.png\" alt=\"\" class=\"wp-image-3727\" style=\"width:602px;height:auto\" srcset=\"https:\/\/fuer-esslingen.de\/wp-content\/uploads\/2025\/10\/image.png 510w, https:\/\/fuer-esslingen.de\/wp-content\/uploads\/2025\/10\/image-300x200.png 300w\" sizes=\"auto, (max-width: 510px) 100vw, 510px\" \/><\/figure>\n\n\n\n<p class=\"has-white-background-color has-background\">Der Masterplan Grundschulen findet unsere Zustimmung. &nbsp;Den Ganztag halten wir f\u00fcr unaufschiebbar und die bisherige Zusage einer Betreuung bis 17 Uhr f\u00fcr zwingend notwendig. Zwingend notwendig, weil ohne dies eine vollumf\u00e4ngliche Berufsaus\u00fcbung viel zu oft nicht m\u00f6glich ist. Diese Misere trifft vor allem Frauen, die dann maximal&nbsp;in Teilzeitjobs arbeiten k\u00f6nnen und dann eine Rente erhalten, von der man nicht leben kann.<\/p>\n\n\n\n<p class=\"has-white-background-color has-background\">Trotz F\u00f6rderung des Ganztages durch Land und Bund bleiben, und das ist erst eine Sch\u00e4tzung, gut 10 Millionen an der Stadtkasse h\u00e4ngen. Angesichts einer deutlichen Versch\u00e4rfung der st\u00e4dtischen finanziellen Situation kann dies bei der Haushaltsdebatte im Herbst zu Vorstellungen f\u00fchren, man sollte im sozialen Bereich oder bei Kitageb\u00fchren wieder einmal an der Schraube drehen. Vorsorglich wollen wir als Linke\/ F\u00dcR heute verk\u00fcnden, dass dies mit uns nicht l\u00e4uft.<\/p>\n\n\n\n<p class=\"has-white-background-color has-background\">Deshalb als Ged\u00e4chtnisst\u00fctze f\u00fcr alle: Schul- und Kitafinanzierung sind unserer Meinung nach Bundes- und L\u00e4nderaufgabe, und d\u00fcrfen nicht l\u00e4nger den bundesweit hochverschuldeten Kommunen aufgelastet werden. Wie lange will man die Warnungen des Deutschen St\u00e4dtetags, des parit\u00e4tischen Dachverbandes oder des Kinderschutzbundes geflissentlich ignorieren?<\/p>\n\n\n\n<p class=\"has-white-background-color has-background\">Hinzu kommt au\u00dferdem, dass die Entwicklung einer globalen Umweltkatastrophe in Schulen und Kitas gravierende Auswirkungen hat, auch in Esslingen. In den Schlafr\u00e4umen Kita Entengraben wurden 34 Grad gemessen. Die Schulvertretungen haben berichtet, dass es im Sommer tageweise nicht m\u00f6glich ist, einen zielf\u00fchrenden Unterricht abzuhalten oder gar Arbeiten zu schreiben, wegen extremer Temperaturen. Die notwendigen Ma\u00dfnahmen dagegen m\u00fcssen in Angriff genommen werden!&nbsp;<\/p>\n","protected":false},"excerpt":{"rendered":"<p>Der Masterplan Grundschulen findet unsere Zustimmung. &nbsp;Den Ganztag halten wir f\u00fcr unaufschiebbar und die bisherige Zusage einer Betreuung bis 17 Uhr f\u00fcr zwingend notwendig. Zwingend notwendig, weil ohne dies eine vollumf\u00e4ngliche Berufsaus\u00fcbung viel zu oft nicht m\u00f6glich ist. Diese Misere trifft vor allem Frauen, die dann maximal&nbsp;in Teilzeitjobs arbeiten k\u00f6nnen und dann eine Rente erhalten, &hellip; <a href=\"https:\/\/fuer-esslingen.de\/?p=3726\" class=\"more-link\"><span class=\"screen-reader-text\">F\u00dcR-Gemeinderat Z\u00f6llner zur Ganztagsbetreuung:<\/span> weiterlesen <span class=\"meta-nav\">&rarr;<\/span><\/a><\/p>\n","protected":false},"author":1,"featured_media":0,"comment_status":"closed","ping_status":"closed","sticky":false,"template":"","format":"standard","meta":{"footnotes":""},"categories":[2],"tags":[],"class_list":["post-3726","post","type-post","status-publish","format-standard","hentry","category-aktuell"],"_links":{"self":[{"href":"https:\/\/fuer-esslingen.de\/index.php?rest_route=\/wp\/v2\/posts\/3726","targetHints":{"allow":["GET"]}}],"collection":[{"href":"https:\/\/fuer-esslingen.de\/index.php?rest_route=\/wp\/v2\/posts"}],"about":[{"href":"https:\/\/fuer-esslingen.de\/index.php?rest_route=\/wp\/v2\/types\/post"}],"author":[{"embeddable":true,"href":"https:\/\/fuer-esslingen.de\/index.php?rest_route=\/wp\/v2\/users\/1"}],"replies":[{"embeddable":true,"href":"https:\/\/fuer-esslingen.de\/index.php?rest_route=%2Fwp%2Fv2%2Fcomments&post=3726"}],"version-history":[{"count":1,"href":"https:\/\/fuer-esslingen.de\/index.php?rest_route=\/wp\/v2\/posts\/3726\/revisions"}],"predecessor-version":[{"id":3728,"href":"https:\/\/fuer-esslingen.de\/index.php?rest_route=\/wp\/v2\/posts\/3726\/revisions\/3728"}],"wp:attachment":[{"href":"https:\/\/fuer-esslingen.de\/index.php?rest_route=%2Fwp%2Fv2%2Fmedia&parent=3726"}],"wp:term":[{"taxonomy":"category","embeddable":true,"href":"https:\/\/fuer-esslingen.de\/index.php?rest_route=%2Fwp%2Fv2%2Fcategories&post=3726"},{"taxonomy":"post_tag","embeddable":true,"href":"https:\/\/fuer-esslingen.de\/index.php?rest_route=%2Fwp%2Fv2%2Ftags&post=3726"}],"curies":[{"name":"wp","href":"https:\/\/api.w.org\/{rel}","templated":true}]}}