{"id":3729,"date":"2025-10-17T10:15:36","date_gmt":"2025-10-17T08:15:36","guid":{"rendered":"https:\/\/fuer-esslingen.de\/?p=3729"},"modified":"2025-10-17T10:15:38","modified_gmt":"2025-10-17T08:15:38","slug":"haushaltssperre-unnoetig","status":"publish","type":"post","link":"https:\/\/fuer-esslingen.de\/?p=3729","title":{"rendered":"Haushaltssperre unn\u00f6tig?!"},"content":{"rendered":"\n<p class=\"has-white-background-color has-background\">\u2026denn wenn die B\u00fccherei nicht in den K\u00f6gel kommt, sondern im Pfleghof bleibt, dann spart die Stadt sofort \u00fcber 20 Millionen Euro! \u00a0Genau dieser Betrag ist laut OB Klopfer notwendig zum Aufkauf und zur Renovierung des K\u00f6gelgeb\u00e4udes. Dar\u00fcber hinaus soll ja im Pfleghof ein Museumsquartier entstehen. Auch das kostet laut OB Klopfer nochmals mindestens 20 Millionen. Zwei Gr\u00fcnde mehr um das B\u00fcrgerbegehren f\u00fcr den Verbleib der B\u00fccherei im Pfleghof zu unterschreiben und beim B\u00fcrgerentscheid mit Ja zum Pfleghof zu stimmen, denn die Einsparung dieser Betr\u00e4ge w\u00fcrde auf jeden Fall f\u00fcr diesen Doppelhaushalt eine Haushaltssperre mit \u201esp\u00fcrbaren Einsparungen\u201c unn\u00f6tig machen. <\/p>\n\n\n\n<p class=\"has-white-background-color has-background\">\u00dcbrigens: Das Haushaltsdefizit (mit den zus\u00e4tzlichen Ausgaben f\u00fcr die B\u00fccherei) war seit langem vorhersehbar. Breits im Fr\u00fchjahr warnte die Stadtk\u00e4mmerin vor dieser Entwicklung. Und bereits Mitte Mai war laut Finanzprognose eine Verringerung der Gewerbesteuereinnahmen auf 78 Mio. und eine Verschlechterung gegen\u00fcber dem Nachtragshaushalt von 19,7 Mio. bekannt. Trotzdem wurde Ende Mai mit einer Stimme Mehrheit der 20 Millionen teure Umzug in die B\u00fccherei beschlossen. Ein Schelm \u2026 Wie gesagt: Ein Grund mehr massenhaft f\u00fcr das B\u00fcrgerbegehren zu unterschreiben.<\/p>\n\n\n\n<p class=\"has-white-background-color has-background\">Noch was: Am Sonntag, 7.9.2025 findet unser diesj\u00e4hriges Sommerfestle statt.<br>Treffpunkt 14.30 an der Bushaltestelle Kennenburg. Dann kurzer Spaziergang durchs Hainbachtal. Anschlie\u00dfend wird gegrillt! &nbsp;&nbsp;Grillgut und Beitr\u00e4ge f\u00fcr das Buffet sind herzliche willkommen. F\u00fcr die Getr\u00e4nke sorgt F\u00dcR &#8211; Esslingen.<\/p>\n","protected":false},"excerpt":{"rendered":"<p>\u2026denn wenn die B\u00fccherei nicht in den K\u00f6gel kommt, sondern im Pfleghof bleibt, dann spart die Stadt sofort \u00fcber 20 Millionen Euro! \u00a0Genau dieser Betrag ist laut OB Klopfer notwendig zum Aufkauf und zur Renovierung des K\u00f6gelgeb\u00e4udes. Dar\u00fcber hinaus soll ja im Pfleghof ein Museumsquartier entstehen. Auch das kostet laut OB Klopfer nochmals mindestens 20 &hellip; <a href=\"https:\/\/fuer-esslingen.de\/?p=3729\" class=\"more-link\"><span class=\"screen-reader-text\">Haushaltssperre unn\u00f6tig?!<\/span> weiterlesen <span class=\"meta-nav\">&rarr;<\/span><\/a><\/p>\n","protected":false},"author":1,"featured_media":0,"comment_status":"closed","ping_status":"closed","sticky":false,"template":"","format":"standard","meta":{"footnotes":""},"categories":[2],"tags":[],"class_list":["post-3729","post","type-post","status-publish","format-standard","hentry","category-aktuell"],"_links":{"self":[{"href":"https:\/\/fuer-esslingen.de\/index.php?rest_route=\/wp\/v2\/posts\/3729","targetHints":{"allow":["GET"]}}],"collection":[{"href":"https:\/\/fuer-esslingen.de\/index.php?rest_route=\/wp\/v2\/posts"}],"about":[{"href":"https:\/\/fuer-esslingen.de\/index.php?rest_route=\/wp\/v2\/types\/post"}],"author":[{"embeddable":true,"href":"https:\/\/fuer-esslingen.de\/index.php?rest_route=\/wp\/v2\/users\/1"}],"replies":[{"embeddable":true,"href":"https:\/\/fuer-esslingen.de\/index.php?rest_route=%2Fwp%2Fv2%2Fcomments&post=3729"}],"version-history":[{"count":1,"href":"https:\/\/fuer-esslingen.de\/index.php?rest_route=\/wp\/v2\/posts\/3729\/revisions"}],"predecessor-version":[{"id":3730,"href":"https:\/\/fuer-esslingen.de\/index.php?rest_route=\/wp\/v2\/posts\/3729\/revisions\/3730"}],"wp:attachment":[{"href":"https:\/\/fuer-esslingen.de\/index.php?rest_route=%2Fwp%2Fv2%2Fmedia&parent=3729"}],"wp:term":[{"taxonomy":"category","embeddable":true,"href":"https:\/\/fuer-esslingen.de\/index.php?rest_route=%2Fwp%2Fv2%2Fcategories&post=3729"},{"taxonomy":"post_tag","embeddable":true,"href":"https:\/\/fuer-esslingen.de\/index.php?rest_route=%2Fwp%2Fv2%2Ftags&post=3729"}],"curies":[{"name":"wp","href":"https:\/\/api.w.org\/{rel}","templated":true}]}}