{"id":3731,"date":"2025-10-17T10:20:04","date_gmt":"2025-10-17T08:20:04","guid":{"rendered":"https:\/\/fuer-esslingen.de\/?p=3731"},"modified":"2025-10-17T10:20:04","modified_gmt":"2025-10-17T08:20:04","slug":"wir-von-fuer-sind-aktiv-mach-mit","status":"publish","type":"post","link":"https:\/\/fuer-esslingen.de\/?p=3731","title":{"rendered":"Wir von F\u00dcR sind aktiv, mach mit!"},"content":{"rendered":"\n<figure class=\"wp-block-image size-full\"><img loading=\"lazy\" decoding=\"async\" width=\"2000\" height=\"900\" src=\"https:\/\/fuer-esslingen.de\/wp-content\/uploads\/2025\/10\/image-1.png\" alt=\"\" class=\"wp-image-3732\" srcset=\"https:\/\/fuer-esslingen.de\/wp-content\/uploads\/2025\/10\/image-1.png 2000w, https:\/\/fuer-esslingen.de\/wp-content\/uploads\/2025\/10\/image-1-300x135.png 300w, https:\/\/fuer-esslingen.de\/wp-content\/uploads\/2025\/10\/image-1-768x346.png 768w, https:\/\/fuer-esslingen.de\/wp-content\/uploads\/2025\/10\/image-1-1536x691.png 1536w\" sizes=\"auto, (max-width: 2000px) 100vw, 2000px\" \/><\/figure>\n\n\n\n<p class=\"has-white-background-color has-background\">F\u00dcR war die letzten Wochen aktiv! Wir nahmen am 1. Sept. an der Kundgebung der Montagsdemonstration zur steigenden Weltkriegsgefahr teil und machten anschl. bei der Kundgebung des Friedensb\u00fcndnisses mit. Die Gaza-Solidarit\u00e4t und die Kritik an den imperialistischen Angriffskriegen seitens Russland und Israels und ihrer Unterst\u00fctzer standen im Zentrum der Diskussionen. Weltkriegsgefahr war auch zentrales Thema der Zimmerwaldkonferenz 2.0 zu der F\u00dcR-Mitglieder eigens nach Z\u00fcrich reisten oder die Konferenz online verfolgten.<\/p>\n\n\n\n<p class=\"has-white-background-color has-background\">Am 7. Sept. bei wundersch\u00f6nem Wetter veranstaltete F\u00dcR ein lauschiges Sommerfest. Bei leckerem Essen entstanden nette Gespr\u00e4che. Neben der allg. politischen Lage war die Haushaltssperre in Esslingen Thema. Besprochen wurde auch der Stand der Sammlung der Unterschriften f\u00fcr das B\u00fcrgerbegehren zum B\u00fccherei-Standort. Einige wollten wissen, wie denn die Stadt auf die Fragen zur Mutzenreisstra\u00dfe in der B\u00fcrgerfragestunde w\u00e4hrend der letzten Gemeinderatssitzung reagiert habe. Hier herrscht von Seiten der Stadt bislang Schweigen. Am 11. Sept. nahm F\u00dcR an der Kundgebung zum Tag gegen Obdachlosigkeit mit einem Stand teil. Wir konnten neben einer kurzen Ansprache am Mikrofon auch interessante Gespr\u00e4che f\u00fchren. Von F\u00dcR wurde die Lage des Frauenhauses thematisiert: viel zu viele Frauen m\u00fcssen jedes Jahr abgelehnt werden. Wir fordern schon lange ein zweites Frauenhaus!<\/p>\n\n\n\n<p>Am Demokratiefest am 13. Sept. wurden weiter Unterschriften gesammelt f\u00fcr das B\u00fcrgerbegehren zum B\u00fccherei-Standort. Es wurde ein toller Erfolg verk\u00fcndet: inzwischen wurden \u00fcber 8000 Unterschriften gesammelt! Darauf k\u00f6nnen wir und nat\u00fcrlich das ganze B\u00fcndnis und alle Mitstreiterinnen stolz sein.<\/p>\n","protected":false},"excerpt":{"rendered":"<p>F\u00dcR war die letzten Wochen aktiv! Wir nahmen am 1. Sept. an der Kundgebung der Montagsdemonstration zur steigenden Weltkriegsgefahr teil und machten anschl. bei der Kundgebung des Friedensb\u00fcndnisses mit. Die Gaza-Solidarit\u00e4t und die Kritik an den imperialistischen Angriffskriegen seitens Russland und Israels und ihrer Unterst\u00fctzer standen im Zentrum der Diskussionen. Weltkriegsgefahr war auch zentrales Thema &hellip; <a href=\"https:\/\/fuer-esslingen.de\/?p=3731\" class=\"more-link\"><span class=\"screen-reader-text\">Wir von F\u00dcR sind aktiv, mach mit!<\/span> weiterlesen <span class=\"meta-nav\">&rarr;<\/span><\/a><\/p>\n","protected":false},"author":1,"featured_media":0,"comment_status":"closed","ping_status":"closed","sticky":false,"template":"","format":"standard","meta":{"footnotes":""},"categories":[2],"tags":[],"class_list":["post-3731","post","type-post","status-publish","format-standard","hentry","category-aktuell"],"_links":{"self":[{"href":"https:\/\/fuer-esslingen.de\/index.php?rest_route=\/wp\/v2\/posts\/3731","targetHints":{"allow":["GET"]}}],"collection":[{"href":"https:\/\/fuer-esslingen.de\/index.php?rest_route=\/wp\/v2\/posts"}],"about":[{"href":"https:\/\/fuer-esslingen.de\/index.php?rest_route=\/wp\/v2\/types\/post"}],"author":[{"embeddable":true,"href":"https:\/\/fuer-esslingen.de\/index.php?rest_route=\/wp\/v2\/users\/1"}],"replies":[{"embeddable":true,"href":"https:\/\/fuer-esslingen.de\/index.php?rest_route=%2Fwp%2Fv2%2Fcomments&post=3731"}],"version-history":[{"count":1,"href":"https:\/\/fuer-esslingen.de\/index.php?rest_route=\/wp\/v2\/posts\/3731\/revisions"}],"predecessor-version":[{"id":3733,"href":"https:\/\/fuer-esslingen.de\/index.php?rest_route=\/wp\/v2\/posts\/3731\/revisions\/3733"}],"wp:attachment":[{"href":"https:\/\/fuer-esslingen.de\/index.php?rest_route=%2Fwp%2Fv2%2Fmedia&parent=3731"}],"wp:term":[{"taxonomy":"category","embeddable":true,"href":"https:\/\/fuer-esslingen.de\/index.php?rest_route=%2Fwp%2Fv2%2Fcategories&post=3731"},{"taxonomy":"post_tag","embeddable":true,"href":"https:\/\/fuer-esslingen.de\/index.php?rest_route=%2Fwp%2Fv2%2Ftags&post=3731"}],"curies":[{"name":"wp","href":"https:\/\/api.w.org\/{rel}","templated":true}]}}