{"id":3737,"date":"2025-10-17T10:29:58","date_gmt":"2025-10-17T08:29:58","guid":{"rendered":"https:\/\/fuer-esslingen.de\/?p=3737"},"modified":"2025-10-17T10:29:59","modified_gmt":"2025-10-17T08:29:59","slug":"stellenabbau-und-kosten-buecherei-weiter-unklar","status":"publish","type":"post","link":"https:\/\/fuer-esslingen.de\/?p=3737","title":{"rendered":"Stellenabbau und Kosten B\u00fccherei weiter unklar?"},"content":{"rendered":"\n<figure class=\"wp-block-image size-full\"><img loading=\"lazy\" decoding=\"async\" width=\"720\" height=\"963\" src=\"https:\/\/fuer-esslingen.de\/wp-content\/uploads\/2025\/10\/image-3.png\" alt=\"\" class=\"wp-image-3738\" srcset=\"https:\/\/fuer-esslingen.de\/wp-content\/uploads\/2025\/10\/image-3.png 720w, https:\/\/fuer-esslingen.de\/wp-content\/uploads\/2025\/10\/image-3-224x300.png 224w\" sizes=\"auto, (max-width: 720px) 100vw, 720px\" \/><\/figure>\n\n\n\n<p class=\"has-white-background-color has-background\">Die H\u00fcrde ist \u00fcberwunden! 9470 Unterschriften pro B\u00fcrgerentscheid konnten an den OB \u00fcbergeben werden. Dank an die Initiatoren von Wir und Sportpl\u00e4tze erhalten, FDP\/Volt und die Linke\/F\u00dcR Esslingen und vor allem allen Esslingerinnen+Esslingern, unz\u00e4hligen Gastst\u00e4tten, Arztpraxen, Gesch\u00e4ften, Apotheken, Menschen in Vereinen, Kirchengemeinden, Parteien die die Unterschriftensammlung unterst\u00fctzt haben. Jetzt kommt die n\u00e4chste Etappe: F\u00dcR Esslingen war und ist f\u00fcr den Pfleghof als B\u00fccherei. Daf\u00fcr werben wir vor der Abstimmung. Wir fordern, dass endlich belastbare Daten bereitgestellt werden, die einen tats\u00e4chlichen Vergleich der beiden Standorte zulassen und dass gleichzeitig der angespannten Haushaltslage Rechnung getragen wird. Beide Standorte seien gleich teuer sagte der OB in seiner Haushaltsrede diese Woche. Das stimmt nur wenn man bei der K\u00f6gel-Variante den Pfleghof aus der Rechnung nimmt. Doch der m\u00fcsste auch f\u00fcr das Kulturquartier saniert werden. Genau in dieser Haushaltsrede hat der OB verk\u00fcndet, dass 200 Stellen in der Verwaltung eingespart werden sollen. Wie passt das zusammen? Erfahren wir von der Inititative Neustart B\u00fccherei, (Gr\u00fcne, SPD und freie W\u00e4hler) was sie bewogen hat, einen rechtskr\u00e4ftigen B\u00fcrgerentscheid 2022 zu beerdigen oder wer die damals pl\u00f6tzlich im Raum stehende Renovierungssumme von 60 Mio. Euro f\u00fcr den Pfleghof und Heugasse erfunden hat?<br>Die Umwandlung des Pfleghofs in ein Kulturquartier ist bislang der Traum des OBs und der Initiative Neustart. Es gibt keine Machbarkeitsstudie, keine Finanzierung. Was soll dann aus dem Pfleghof werden? Das und mehr kann beim Stammtisch F\u00dcR, 17.10.25, 18 Uhr im Poseidon in der Pliensauvorstadt, debattiert werden.<\/p>\n","protected":false},"excerpt":{"rendered":"<p>Die H\u00fcrde ist \u00fcberwunden! 9470 Unterschriften pro B\u00fcrgerentscheid konnten an den OB \u00fcbergeben werden. Dank an die Initiatoren von Wir und Sportpl\u00e4tze erhalten, FDP\/Volt und die Linke\/F\u00dcR Esslingen und vor allem allen Esslingerinnen+Esslingern, unz\u00e4hligen Gastst\u00e4tten, Arztpraxen, Gesch\u00e4ften, Apotheken, Menschen in Vereinen, Kirchengemeinden, Parteien die die Unterschriftensammlung unterst\u00fctzt haben. Jetzt kommt die n\u00e4chste Etappe: F\u00dcR Esslingen &hellip; <a href=\"https:\/\/fuer-esslingen.de\/?p=3737\" class=\"more-link\"><span class=\"screen-reader-text\">Stellenabbau und Kosten B\u00fccherei weiter unklar?<\/span> weiterlesen <span class=\"meta-nav\">&rarr;<\/span><\/a><\/p>\n","protected":false},"author":1,"featured_media":0,"comment_status":"closed","ping_status":"closed","sticky":false,"template":"","format":"standard","meta":{"footnotes":""},"categories":[2],"tags":[],"class_list":["post-3737","post","type-post","status-publish","format-standard","hentry","category-aktuell"],"_links":{"self":[{"href":"https:\/\/fuer-esslingen.de\/index.php?rest_route=\/wp\/v2\/posts\/3737","targetHints":{"allow":["GET"]}}],"collection":[{"href":"https:\/\/fuer-esslingen.de\/index.php?rest_route=\/wp\/v2\/posts"}],"about":[{"href":"https:\/\/fuer-esslingen.de\/index.php?rest_route=\/wp\/v2\/types\/post"}],"author":[{"embeddable":true,"href":"https:\/\/fuer-esslingen.de\/index.php?rest_route=\/wp\/v2\/users\/1"}],"replies":[{"embeddable":true,"href":"https:\/\/fuer-esslingen.de\/index.php?rest_route=%2Fwp%2Fv2%2Fcomments&post=3737"}],"version-history":[{"count":1,"href":"https:\/\/fuer-esslingen.de\/index.php?rest_route=\/wp\/v2\/posts\/3737\/revisions"}],"predecessor-version":[{"id":3739,"href":"https:\/\/fuer-esslingen.de\/index.php?rest_route=\/wp\/v2\/posts\/3737\/revisions\/3739"}],"wp:attachment":[{"href":"https:\/\/fuer-esslingen.de\/index.php?rest_route=%2Fwp%2Fv2%2Fmedia&parent=3737"}],"wp:term":[{"taxonomy":"category","embeddable":true,"href":"https:\/\/fuer-esslingen.de\/index.php?rest_route=%2Fwp%2Fv2%2Fcategories&post=3737"},{"taxonomy":"post_tag","embeddable":true,"href":"https:\/\/fuer-esslingen.de\/index.php?rest_route=%2Fwp%2Fv2%2Ftags&post=3737"}],"curies":[{"name":"wp","href":"https:\/\/api.w.org\/{rel}","templated":true}]}}