{"id":3875,"date":"2026-04-30T17:46:01","date_gmt":"2026-04-30T15:46:01","guid":{"rendered":"https:\/\/fuer-esslingen.de\/?p=3875"},"modified":"2026-04-30T17:46:02","modified_gmt":"2026-04-30T15:46:02","slug":"letzte-woche-im-abmk","status":"publish","type":"post","link":"https:\/\/fuer-esslingen.de\/?p=3875","title":{"rendered":"Letzte Woche im ABMK\u2026"},"content":{"rendered":"\n<p>\u00a0<\/p>\n\n\n\n<figure class=\"wp-block-image size-large\"><img loading=\"lazy\" decoding=\"async\" width=\"2000\" height=\"773\" src=\"https:\/\/fuer-esslingen.de\/wp-content\/uploads\/2026\/04\/image-2-2000x773.png\" alt=\"\" class=\"wp-image-3876\" srcset=\"https:\/\/fuer-esslingen.de\/wp-content\/uploads\/2026\/04\/image-2-2000x773.png 2000w, https:\/\/fuer-esslingen.de\/wp-content\/uploads\/2026\/04\/image-2-300x116.png 300w, https:\/\/fuer-esslingen.de\/wp-content\/uploads\/2026\/04\/image-2-768x297.png 768w, https:\/\/fuer-esslingen.de\/wp-content\/uploads\/2026\/04\/image-2-1536x594.png 1536w, https:\/\/fuer-esslingen.de\/wp-content\/uploads\/2026\/04\/image-2-2048x791.png 2048w\" sizes=\"auto, (max-width: 2000px) 100vw, 2000px\" \/><\/figure>\n\n\n\n<p class=\"has-white-background-color has-background\">Im Ausschuss f\u00fcr Bauen, Mobilit\u00e4t und Klimaschutz wurden letze Woche u.a. zwei wichtige Antr\u00e4ge von den Gr\u00fcnen zum Thema Hitzeschutz diskutiert; insbesondere der Hitzeschutz f\u00fcr besonders gef\u00e4hrdete Bev\u00f6lkerungsgruppen in Kitas, Schulen und Pflegeheimen. Bekannterma\u00dfen sind kleine Kinder und \u00e4ltere Menschen gesundheitlich von Hitze besonders bedroht. &nbsp;Es zeigte sich, dass die &nbsp;Stadtverwaltung kaum wirksame Ma\u00dfnahmen zum Hitzeschutz umsetzen konnte und \u00fcber vollmundige Konzepte und einzelne Pilotprojekte nicht hinauskam. Schuld ist nicht die Klimaschutzbeauftragte der Stadt, sondern die jahrzehntelange Vernachl\u00e4ssigung der erneuerbaren Energie, sodass nicht einmal die Mehrzahl der st\u00e4dtischen Geb\u00e4ude mit PV -Anlagen ausgestattet ist. Denn so k\u00f6nnten Kitas, Schulen und Pflegheime einigerma\u00dfen umweltfreundlich mit Klimaanlagen ausgestattet werden.<\/p>\n\n\n\n<p>In der anschlie\u00dfenden Diskussion \u00fcber den Baulandbericht Wohnen spielte das Thema Klimaschutz und die katastrophale Fl\u00e4chenversiegelung \u00fcberhaupt keine Rolle mehr. Das Frischluftentstehungsgebiet &nbsp;VfL Post wird wie selbstverst\u00e4ndlich als Baugebiet ausgewiesen. Dabei hat das VFL Post&nbsp; Gel\u00e4nde hohe Bedeutung f\u00fcr die Frischluftversorgung und die Abk\u00fchlung auch der angrenzenden Schulen. Wir sind der Meinung, die Einsch\u00e4tzung aus einem fr\u00fcheren Durchl\u00fcftungsgutachten \u201eGr\u00fcnfl\u00e4che&nbsp; mit sehr hoher Bedeutung \u2013 von Bebauung und Versiegelung freihalten\u201c mu\u00df unbedingt beachtet und umgesetzt werden.<\/p>\n\n\n\n<p class=\"has-white-background-color has-background\">Wir laden ein zu unserer \u00f6ffentlichen Mitgliederversammlung, wo diese Themen besprochen werden. Thema ist auch die dringend notwendige Nutzung der Heugasse 11 nach dem erfolgreichen B\u00fcrgerentscheid! Sonntag 26.4. 16 Uhr B\u00fcrgerhaus Pliensauvorstadt.<\/p>\n\n\n\n<p><\/p>\n","protected":false},"excerpt":{"rendered":"<p>\u00a0 Im Ausschuss f\u00fcr Bauen, Mobilit\u00e4t und Klimaschutz wurden letze Woche u.a. zwei wichtige Antr\u00e4ge von den Gr\u00fcnen zum Thema Hitzeschutz diskutiert; insbesondere der Hitzeschutz f\u00fcr besonders gef\u00e4hrdete Bev\u00f6lkerungsgruppen in Kitas, Schulen und Pflegeheimen. Bekannterma\u00dfen sind kleine Kinder und \u00e4ltere Menschen gesundheitlich von Hitze besonders bedroht. &nbsp;Es zeigte sich, dass die &nbsp;Stadtverwaltung kaum wirksame Ma\u00dfnahmen &hellip; <a href=\"https:\/\/fuer-esslingen.de\/?p=3875\" class=\"more-link\"><span class=\"screen-reader-text\">Letzte Woche im ABMK\u2026<\/span> weiterlesen <span class=\"meta-nav\">&rarr;<\/span><\/a><\/p>\n","protected":false},"author":1,"featured_media":0,"comment_status":"closed","ping_status":"closed","sticky":false,"template":"","format":"standard","meta":{"footnotes":""},"categories":[2],"tags":[],"class_list":["post-3875","post","type-post","status-publish","format-standard","hentry","category-aktuell"],"_links":{"self":[{"href":"https:\/\/fuer-esslingen.de\/index.php?rest_route=\/wp\/v2\/posts\/3875","targetHints":{"allow":["GET"]}}],"collection":[{"href":"https:\/\/fuer-esslingen.de\/index.php?rest_route=\/wp\/v2\/posts"}],"about":[{"href":"https:\/\/fuer-esslingen.de\/index.php?rest_route=\/wp\/v2\/types\/post"}],"author":[{"embeddable":true,"href":"https:\/\/fuer-esslingen.de\/index.php?rest_route=\/wp\/v2\/users\/1"}],"replies":[{"embeddable":true,"href":"https:\/\/fuer-esslingen.de\/index.php?rest_route=%2Fwp%2Fv2%2Fcomments&post=3875"}],"version-history":[{"count":1,"href":"https:\/\/fuer-esslingen.de\/index.php?rest_route=\/wp\/v2\/posts\/3875\/revisions"}],"predecessor-version":[{"id":3877,"href":"https:\/\/fuer-esslingen.de\/index.php?rest_route=\/wp\/v2\/posts\/3875\/revisions\/3877"}],"wp:attachment":[{"href":"https:\/\/fuer-esslingen.de\/index.php?rest_route=%2Fwp%2Fv2%2Fmedia&parent=3875"}],"wp:term":[{"taxonomy":"category","embeddable":true,"href":"https:\/\/fuer-esslingen.de\/index.php?rest_route=%2Fwp%2Fv2%2Fcategories&post=3875"},{"taxonomy":"post_tag","embeddable":true,"href":"https:\/\/fuer-esslingen.de\/index.php?rest_route=%2Fwp%2Fv2%2Ftags&post=3875"}],"curies":[{"name":"wp","href":"https:\/\/api.w.org\/{rel}","templated":true}]}}