{"id":3878,"date":"2026-04-30T17:55:05","date_gmt":"2026-04-30T15:55:05","guid":{"rendered":"https:\/\/fuer-esslingen.de\/?p=3878"},"modified":"2026-04-30T17:55:06","modified_gmt":"2026-04-30T15:55:06","slug":"1-mai-seit-1890-internationaler-kampftag","status":"publish","type":"post","link":"https:\/\/fuer-esslingen.de\/?p=3878","title":{"rendered":"\u00a01. Mai: Seit 1890 internationaler Kampftag\u2026."},"content":{"rendered":"\n<figure class=\"wp-block-image size-full\"><img loading=\"lazy\" decoding=\"async\" width=\"2000\" height=\"900\" src=\"https:\/\/fuer-esslingen.de\/wp-content\/uploads\/2026\/04\/Verdi-gegen-Personalabbau.jpg\" alt=\"\" class=\"wp-image-3879\" srcset=\"https:\/\/fuer-esslingen.de\/wp-content\/uploads\/2026\/04\/Verdi-gegen-Personalabbau.jpg 2000w, https:\/\/fuer-esslingen.de\/wp-content\/uploads\/2026\/04\/Verdi-gegen-Personalabbau-300x135.jpg 300w, https:\/\/fuer-esslingen.de\/wp-content\/uploads\/2026\/04\/Verdi-gegen-Personalabbau-768x346.jpg 768w, https:\/\/fuer-esslingen.de\/wp-content\/uploads\/2026\/04\/Verdi-gegen-Personalabbau-1536x691.jpg 1536w\" sizes=\"auto, (max-width: 2000px) 100vw, 2000px\" \/><\/figure>\n\n\n\n<p class=\"has-white-background-color has-background\">&#8230;der Arbeiterbewegung gegen Arbeitsplatzabbau, f\u00fcr Ausbildungspl\u00e4tze, f\u00fcr bessere Entlohnung, k\u00fcrzere&nbsp; Arbeitszeiten, soziale Absicherung, gegen steigende Lebenshaltungskosten, gegen Krieg und Aufr\u00fcstung, f\u00fcr eine gesunde Umwelt. Und es geht auch um Bedingungen f\u00fcr die gleichberechtigte Teilhabe von Frauen am Erwerbsleben. Deshalb braucht es gute und verl\u00e4ssliche&nbsp; Kinderbetreuung. Es geht um bezahlbaren Wohnraum. Kurzum auch um die gesamten Lebensbedingungen in der Kommune, gegen die aktuell geplanten K\u00fcrzungen im kommunalen und sozialen Bereich.<\/p>\n\n\n\n<p class=\"has-white-background-color has-background\">Und in dieser Situation machte die Union den Vorschlag, den 1.Mai als gesetzlichen Feiertag abzuschaffen!!! Dabei ist der 1. Mai in seiner urspr\u00fcnglichen Bedeutung wieder brandaktuell. Allein in unserer Region werden massiv Stellen abgebaut:<\/p>\n\n\n\n<p class=\"has-white-background-color has-background\">&#8211; bei Bosch WN, L-E, Feuerbach und Schwieberdingen zusammen 5310 Stellen<br>&#8211; bei Mercedes l\u00e4uft ein riesiges Abfindungsprogramm mit dem Plan, die Stellen massiv zu reduzieren. In unserer Region\u00a0 \u00fcber 5000.<br>&#8211; die Stadtverwaltung Esslingen streicht im Zuge von Sparma\u00dfnahmen ca. 200 Stellen<br>&#8211; bei Baluff sind\u00a0 es\u00a0 277 Arbeitspl\u00e4tze die wegfallen usw.<br>Die meisten Arbeitspl\u00e4tze werden ins Ausland verlagert, wo der Maximalprofit noch weiter gesteigert werden kann. Und es ist schwierig geworden, woanders unterzukommen. Die Arbeitslosigkeit steigt. Dagegen gilt es, sich zusammenzuschlie\u00dfen, den gemeinsamen Kampf zu organisieren und sich zu solidarisieren.<\/p>\n\n\n\n<p class=\"has-white-background-color has-background\">Die Gewerkschaften laden auch dieses Jahr zur 1. Mai Kundgebung ein, um Kraft und Mut zu gewinnen f\u00fcr die kommenden Auseinandersetzungen. Wir von F\u00dcR sind mit einem Stand dabei. Kommt zur 1. Mai Kundgebung des DGB um 11 Uhr diesmal\u00a0 auf den Hafenmarkt.<\/p>\n\n\n\n<p><\/p>\n","protected":false},"excerpt":{"rendered":"<p>&#8230;der Arbeiterbewegung gegen Arbeitsplatzabbau, f\u00fcr Ausbildungspl\u00e4tze, f\u00fcr bessere Entlohnung, k\u00fcrzere&nbsp; Arbeitszeiten, soziale Absicherung, gegen steigende Lebenshaltungskosten, gegen Krieg und Aufr\u00fcstung, f\u00fcr eine gesunde Umwelt. Und es geht auch um Bedingungen f\u00fcr die gleichberechtigte Teilhabe von Frauen am Erwerbsleben. Deshalb braucht es gute und verl\u00e4ssliche&nbsp; Kinderbetreuung. Es geht um bezahlbaren Wohnraum. Kurzum auch um die gesamten &hellip; <a href=\"https:\/\/fuer-esslingen.de\/?p=3878\" class=\"more-link\"><span class=\"screen-reader-text\">\u00a01. Mai: Seit 1890 internationaler Kampftag\u2026.<\/span> weiterlesen <span class=\"meta-nav\">&rarr;<\/span><\/a><\/p>\n","protected":false},"author":1,"featured_media":0,"comment_status":"closed","ping_status":"closed","sticky":false,"template":"","format":"standard","meta":{"footnotes":""},"categories":[2],"tags":[],"class_list":["post-3878","post","type-post","status-publish","format-standard","hentry","category-aktuell"],"_links":{"self":[{"href":"https:\/\/fuer-esslingen.de\/index.php?rest_route=\/wp\/v2\/posts\/3878","targetHints":{"allow":["GET"]}}],"collection":[{"href":"https:\/\/fuer-esslingen.de\/index.php?rest_route=\/wp\/v2\/posts"}],"about":[{"href":"https:\/\/fuer-esslingen.de\/index.php?rest_route=\/wp\/v2\/types\/post"}],"author":[{"embeddable":true,"href":"https:\/\/fuer-esslingen.de\/index.php?rest_route=\/wp\/v2\/users\/1"}],"replies":[{"embeddable":true,"href":"https:\/\/fuer-esslingen.de\/index.php?rest_route=%2Fwp%2Fv2%2Fcomments&post=3878"}],"version-history":[{"count":1,"href":"https:\/\/fuer-esslingen.de\/index.php?rest_route=\/wp\/v2\/posts\/3878\/revisions"}],"predecessor-version":[{"id":3880,"href":"https:\/\/fuer-esslingen.de\/index.php?rest_route=\/wp\/v2\/posts\/3878\/revisions\/3880"}],"wp:attachment":[{"href":"https:\/\/fuer-esslingen.de\/index.php?rest_route=%2Fwp%2Fv2%2Fmedia&parent=3878"}],"wp:term":[{"taxonomy":"category","embeddable":true,"href":"https:\/\/fuer-esslingen.de\/index.php?rest_route=%2Fwp%2Fv2%2Fcategories&post=3878"},{"taxonomy":"post_tag","embeddable":true,"href":"https:\/\/fuer-esslingen.de\/index.php?rest_route=%2Fwp%2Fv2%2Ftags&post=3878"}],"curies":[{"name":"wp","href":"https:\/\/api.w.org\/{rel}","templated":true}]}}